{"id":4594,"date":"2016-12-06T12:29:20","date_gmt":"2016-12-06T12:29:20","guid":{"rendered":"http:\/\/www.ifbaiano.edu.br\/unidades\/valenca\/?p=4594"},"modified":"2016-12-06T12:29:20","modified_gmt":"2016-12-06T12:29:20","slug":"consciencia-para-valer","status":"publish","type":"post","link":"https:\/\/www.ifbaiano.edu.br\/unidades\/valenca\/2016\/12\/06\/consciencia-para-valer\/","title":{"rendered":"Consci\u00eancia para valer!"},"content":{"rendered":"<p style=\"text-align: center\"><strong><em><u>Consci\u00eancia para valer!<\/u><\/em><\/strong><\/p>\n<p style=\"text-align: right\"><strong><em>Por: Dislene Cardoso de Brito (IF Baiano, Campus Valen\u00e7a)<\/em><\/strong><\/p>\n<p style=\"text-align: right\"><strong><em>Coordenadora NEABI<\/em><\/strong><\/p>\n<p><strong><em>\u00a0<\/em><br \/>\n<\/strong><\/p>\n<p style=\"text-align: justify\">O <strong>NEABI<\/strong> &#8211; N\u00facleo de Estudos Afro-Brasileiros e Ind\u00edgenas &#8211; do IF Baiano, <em>Campus<\/em> Valen\u00e7a, fecha o ano 2016 com importantes a\u00e7\u00f5es envolvendo as tem\u00e1ticas da Identidade e da Cultura afro-brasileiras e ind\u00edgenas. O compromisso do N\u00facleo \u00e9 promover espa\u00e7os de reflex\u00f5es envolvendo toda a comunidade escolar, possibilitando um di\u00e1logo produtivo entre as diversas \u00e1reas dos cursos integrados e subsequentes do <em>Campus<\/em>.<\/p>\n<p style=\"text-align: justify\">Atualmente, o N\u00facleo \u00e9 composto por cinco professores (Dislene Cardoso, Gilson Antunes, Indinea Paix\u00e3o, Nelma Barbosa e Scyla Pimenta) e cerca de vinte alunos dos cursos integrados (Agropecu\u00e1ria e Agroecologia) do <em>Campus<\/em> Valen\u00e7a. O NEABI promove encontros quinzenais para realizar estudos sobre quest\u00f5es afro-brasileiras e ind\u00edgenas, a partir de an\u00e1lise de textos te\u00f3ricos e liter\u00e1rios, al\u00e9m de relatos de experi\u00eancias e din\u00e2micas de grupo. Todos os encontros s\u00e3o realizados no Campus, os quais s\u00e3o abertos \u00e0 comunidade.<\/p>\n<p style=\"text-align: justify\">Nesse di\u00e1logo prof\u00edcuo com as a\u00e7\u00f5es do Instituto, o NEABI esteve presente no SEMAIF (Semana do Meio Ambiente do IF Baiano), que ocorreu nos dias 31\/05 e 01\/06 de 2016, com o tema <strong><em>Sa\u00fade Ambiental na Atualidade: desafios e perspectivas<\/em><\/strong>.\u00a0 Para o evento, o NEABI, prop\u00f4s um minicurso sobre a tem\u00e1tica ind\u00edgena, com participa\u00e7\u00e3o do especialista em estudos ind\u00edgenas, pesquisador Manoel Antunes da Silva, que apresentou o minicurso <strong>Meio Ambiente e Cosmovis\u00e3o Ind\u00edgena: Saberes e Pr\u00e1ticas<\/strong>.<\/p>\n<p style=\"text-align: justify\">Seguindo o calend\u00e1rio de a\u00e7\u00f5es do N\u00facleo, o NEABI promoveu o <strong>II Semin\u00e1rio<\/strong> <strong><em>(Re)\u00a0Pensando Quest\u00f5es Afro-Brasileiras e Ind\u00edgenas \u2013 di\u00e1logos sobre cultura, mem\u00f3ria e identidade<\/em><\/strong>. O evento d\u00e1 continuidade aos di\u00e1logos do N\u00facleo desde sua implanta\u00e7\u00e3o no <em>Campus<\/em>, ampliando a reflex\u00e3o para as \u00e1reas de Linguagens e Humanas do IFBaiano de Valen\u00e7a. O evento contou, ainda, com a participa\u00e7\u00e3o do <strong>GLICAM<\/strong> (Grupo de Pesquisa em Linguagens, Culturas e Ambientes) e dos projetos de pesquisa e de extens\u00e3o do <em>Campus<\/em>. Portanto, configura-se como um evento interdisciplinar e um amplo espa\u00e7o de reflex\u00f5es, debates e constru\u00e7\u00e3o de saberes sobre cultura, religiosidade e identidade afro-brasileiras e ind\u00edgenas<\/p>\n<p style=\"text-align: justify\">O evento ocorreu entre os dias 16 e 18 de novembro de 2016, com realiza\u00e7\u00e3o de palestras, lan\u00e7amento de revista e CD, <em>performances, <\/em>exposi\u00e7\u00e3o de arte visual afro-brasileira<em> e<\/em> apresenta\u00e7\u00f5es de alunos do Instituto, oficinas, mostra de cestaria e biojoias quilombolas e apresenta\u00e7\u00e3o teatral de uma comunidade remanescente de quilombo do Baixo Sul Baiano.<\/p>\n<p style=\"text-align: justify\">Na noite do dia 16 de novembro, o grupo do projeto de extens\u00e3o CENAS DE JATIMANE lan\u00e7ou a revista, que leva o nome do grupo; a comunidade de remanescente de quilombos Jatimane apresentou uma com\u00e9dia (evento cultural da comunidade); os alunos do Campus realizaram <em>performances<\/em> envolvendo a hist\u00f3ria e a literatura brasileira e a africana; a professora Nelma Barbosa organizou uma exposi\u00e7\u00e3o de artes pl\u00e1sticas de origem negra e o professor S\u00e9rgio Almeida lan\u00e7ou o CD <em>\u201cNamorando a Terra\u201d. <\/em>O grande momento da noite foi a participa\u00e7\u00e3o do professor F\u00e1bio Baqueiro, da UNILAB (Universidade da Integra\u00e7\u00e3o internacional da Lusofonia Afro-Brasileira) com a palestra <strong>Por que \u00a0o estudo da \u00c1frica?<\/strong><\/p>\n<p style=\"text-align: justify\">Na tarde de sexta-feira, dia 18 de novembro, as a\u00e7\u00f5es ficaram por conta da disciplina Sociologia com a exposi\u00e7\u00e3o de cartazes sobre personalidades afrodescendentes da hist\u00f3ria do Brasil e do Baixo Sul Baiano e do grupo de oficinas organizadas por Jacilene Coutinho Bonfim (Jhessy Coutinho), da Coutinho Produ\u00e7\u00f5es. O grupo ministrou oficinas art\u00edsticas-culturais de teatro, dan\u00e7a afro, m\u00fasica (percuss\u00e3o) capoeira e penteado afro. As oficinas tinham como objetivo contribuir para a valoriza\u00e7\u00e3o das culturas africana e afro-brasileira, assim como possibilitou espa\u00e7os para o reconhecimento e constru\u00e7\u00e3o de identidades negras.<\/p>\n<p style=\"text-align: justify\">Ao assumir o protagonismo dessas quest\u00f5es nos espa\u00e7os sociais, dentro e fora do <em>Campus<\/em>, o NEABI encontra-se em conson\u00e2ncia com o Art. 3\u00b0 do regimento do N\u00facleo, cujo objetivo principal \u00e9 articular e promover a\u00e7\u00f5es referentes \u00e0 quest\u00e3o da igualdade e da prote\u00e7\u00e3o dos direitos de pessoas e grupos \u00e9tnicos atingidos por atos discriminat\u00f3rios, a exemplo do racismo, por meio de atividades de ensino, pesquisa e extens\u00e3o.<\/p>\n\n\t\t<style type=\"text\/css\">\n\t\t\t#gallery-1 {\n\t\t\t\tmargin: auto;\n\t\t\t}\n\t\t\t#gallery-1 .gallery-item {\n\t\t\t\tfloat: left;\n\t\t\t\tmargin-top: 10px;\n\t\t\t\ttext-align: center;\n\t\t\t\twidth: 33%;\n\t\t\t}\n\t\t\t#gallery-1 img {\n\t\t\t\tborder: 2px solid #cfcfcf;\n\t\t\t}\n\t\t\t#gallery-1 .gallery-caption {\n\t\t\t\tmargin-left: 0;\n\t\t\t}\n\t\t\t\/* see gallery_shortcode() in wp-includes\/media.php *\/\n\t\t<\/style>\n\t\t<div id='gallery-1' class='gallery galleryid-4594 gallery-columns-3 gallery-size-thumbnail'><dl class='gallery-item'>\n\t\t\t<dt class='gallery-icon landscape'>\n\t\t\t\t<a href='https:\/\/www.ifbaiano.edu.br\/unidades\/valenca\/2016\/12\/06\/consciencia-para-valer\/1-7\/'><img width=\"150\" height=\"100\" src=\"https:\/\/www.ifbaiano.edu.br\/unidades\/valenca\/files\/2016\/12\/1.jpg\" class=\"attachment-thumbnail size-thumbnail\" alt=\"\" decoding=\"async\" loading=\"lazy\" \/><\/a>\n\t\t\t<\/dt><\/dl><dl class='gallery-item'>\n\t\t\t<dt class='gallery-icon landscape'>\n\t\t\t\t<a href='https:\/\/www.ifbaiano.edu.br\/unidades\/valenca\/2016\/12\/06\/consciencia-para-valer\/2-5\/'><img width=\"150\" height=\"98\" src=\"https:\/\/www.ifbaiano.edu.br\/unidades\/valenca\/files\/2016\/12\/2.jpg\" class=\"attachment-thumbnail size-thumbnail\" alt=\"\" decoding=\"async\" loading=\"lazy\" \/><\/a>\n\t\t\t<\/dt><\/dl><dl class='gallery-item'>\n\t\t\t<dt class='gallery-icon landscape'>\n\t\t\t\t<a href='https:\/\/www.ifbaiano.edu.br\/unidades\/valenca\/2016\/12\/06\/consciencia-para-valer\/3-5\/'><img width=\"150\" height=\"100\" src=\"https:\/\/www.ifbaiano.edu.br\/unidades\/valenca\/files\/2016\/12\/3.jpg\" class=\"attachment-thumbnail size-thumbnail\" alt=\"\" decoding=\"async\" loading=\"lazy\" \/><\/a>\n\t\t\t<\/dt><\/dl><br style=\"clear: both\" \/><dl class='gallery-item'>\n\t\t\t<dt class='gallery-icon landscape'>\n\t\t\t\t<a href='https:\/\/www.ifbaiano.edu.br\/unidades\/valenca\/2016\/12\/06\/consciencia-para-valer\/4-3\/'><img width=\"150\" height=\"100\" src=\"https:\/\/www.ifbaiano.edu.br\/unidades\/valenca\/files\/2016\/12\/4.jpg\" class=\"attachment-thumbnail size-thumbnail\" alt=\"\" decoding=\"async\" loading=\"lazy\" \/><\/a>\n\t\t\t<\/dt><\/dl><dl class='gallery-item'>\n\t\t\t<dt class='gallery-icon landscape'>\n\t\t\t\t<a href='https:\/\/www.ifbaiano.edu.br\/unidades\/valenca\/2016\/12\/06\/consciencia-para-valer\/attachment\/5\/'><img width=\"150\" height=\"100\" src=\"https:\/\/www.ifbaiano.edu.br\/unidades\/valenca\/files\/2016\/12\/5.jpg\" class=\"attachment-thumbnail size-thumbnail\" alt=\"\" decoding=\"async\" loading=\"lazy\" \/><\/a>\n\t\t\t<\/dt><\/dl><dl class='gallery-item'>\n\t\t\t<dt class='gallery-icon landscape'>\n\t\t\t\t<a href='https:\/\/www.ifbaiano.edu.br\/unidades\/valenca\/2016\/12\/06\/consciencia-para-valer\/attachment\/6\/'><img width=\"150\" height=\"100\" src=\"https:\/\/www.ifbaiano.edu.br\/unidades\/valenca\/files\/2016\/12\/6.jpg\" class=\"attachment-thumbnail size-thumbnail\" alt=\"\" decoding=\"async\" loading=\"lazy\" \/><\/a>\n\t\t\t<\/dt><\/dl><br style=\"clear: both\" \/><dl class='gallery-item'>\n\t\t\t<dt class='gallery-icon landscape'>\n\t\t\t\t<a href='https:\/\/www.ifbaiano.edu.br\/unidades\/valenca\/2016\/12\/06\/consciencia-para-valer\/attachment\/7\/'><img width=\"150\" height=\"100\" src=\"https:\/\/www.ifbaiano.edu.br\/unidades\/valenca\/files\/2016\/12\/7.jpg\" class=\"attachment-thumbnail size-thumbnail\" alt=\"\" decoding=\"async\" loading=\"lazy\" \/><\/a>\n\t\t\t<\/dt><\/dl><dl class='gallery-item'>\n\t\t\t<dt class='gallery-icon landscape'>\n\t\t\t\t<a href='https:\/\/www.ifbaiano.edu.br\/unidades\/valenca\/2016\/12\/06\/consciencia-para-valer\/attachment\/8\/'><img width=\"150\" height=\"108\" src=\"https:\/\/www.ifbaiano.edu.br\/unidades\/valenca\/files\/2016\/12\/8.jpg\" class=\"attachment-thumbnail size-thumbnail\" alt=\"\" decoding=\"async\" loading=\"lazy\" \/><\/a>\n\t\t\t<\/dt><\/dl><dl class='gallery-item'>\n\t\t\t<dt class='gallery-icon landscape'>\n\t\t\t\t<a href='https:\/\/www.ifbaiano.edu.br\/unidades\/valenca\/2016\/12\/06\/consciencia-para-valer\/attachment\/9\/'><img width=\"150\" height=\"96\" src=\"https:\/\/www.ifbaiano.edu.br\/unidades\/valenca\/files\/2016\/12\/9.jpg\" class=\"attachment-thumbnail size-thumbnail\" alt=\"\" decoding=\"async\" loading=\"lazy\" \/><\/a>\n\t\t\t<\/dt><\/dl><br style=\"clear: both\" \/><dl class='gallery-item'>\n\t\t\t<dt class='gallery-icon landscape'>\n\t\t\t\t<a href='https:\/\/www.ifbaiano.edu.br\/unidades\/valenca\/2016\/12\/06\/consciencia-para-valer\/attachment\/10\/'><img width=\"150\" height=\"97\" src=\"https:\/\/www.ifbaiano.edu.br\/unidades\/valenca\/files\/2016\/12\/10.jpg\" class=\"attachment-thumbnail size-thumbnail\" alt=\"\" decoding=\"async\" loading=\"lazy\" \/><\/a>\n\t\t\t<\/dt><\/dl><dl class='gallery-item'>\n\t\t\t<dt class='gallery-icon landscape'>\n\t\t\t\t<a href='https:\/\/www.ifbaiano.edu.br\/unidades\/valenca\/2016\/12\/06\/consciencia-para-valer\/attachment\/11\/'><img width=\"150\" height=\"97\" src=\"https:\/\/www.ifbaiano.edu.br\/unidades\/valenca\/files\/2016\/12\/11.jpg\" class=\"attachment-thumbnail size-thumbnail\" alt=\"\" decoding=\"async\" loading=\"lazy\" \/><\/a>\n\t\t\t<\/dt><\/dl><dl class='gallery-item'>\n\t\t\t<dt class='gallery-icon landscape'>\n\t\t\t\t<a href='https:\/\/www.ifbaiano.edu.br\/unidades\/valenca\/2016\/12\/06\/consciencia-para-valer\/attachment\/12\/'><img width=\"150\" height=\"95\" src=\"https:\/\/www.ifbaiano.edu.br\/unidades\/valenca\/files\/2016\/12\/12.jpg\" class=\"attachment-thumbnail size-thumbnail\" alt=\"\" decoding=\"async\" loading=\"lazy\" \/><\/a>\n\t\t\t<\/dt><\/dl><br style=\"clear: both\" \/>\n\t\t<\/div>\n\n","protected":false},"excerpt":{"rendered":"<p>Consci\u00eancia para valer! Por: Dislene Cardoso de Brito (IF Baiano, Campus Valen\u00e7a) Coordenadora NEABI \u00a0 O NEABI &#8211; N\u00facleo de Estudos Afro-Brasileiros e Ind\u00edgenas &#8211; do IF Baiano, Campus Valen\u00e7a, fecha o ano 2016 com importantes a\u00e7\u00f5es envolvendo as tem\u00e1ticas da Identidade e da Cultura afro-brasileiras e ind\u00edgenas. O compromisso do N\u00facleo \u00e9 promover espa\u00e7os [&hellip;]<\/p>\n","protected":false},"author":62,"featured_media":0,"comment_status":"open","ping_status":"open","sticky":false,"template":"","format":"standard","meta":[],"categories":[1],"tags":[],"_links":{"self":[{"href":"https:\/\/www.ifbaiano.edu.br\/unidades\/valenca\/wp-json\/wp\/v2\/posts\/4594"}],"collection":[{"href":"https:\/\/www.ifbaiano.edu.br\/unidades\/valenca\/wp-json\/wp\/v2\/posts"}],"about":[{"href":"https:\/\/www.ifbaiano.edu.br\/unidades\/valenca\/wp-json\/wp\/v2\/types\/post"}],"author":[{"embeddable":true,"href":"https:\/\/www.ifbaiano.edu.br\/unidades\/valenca\/wp-json\/wp\/v2\/users\/62"}],"replies":[{"embeddable":true,"href":"https:\/\/www.ifbaiano.edu.br\/unidades\/valenca\/wp-json\/wp\/v2\/comments?post=4594"}],"version-history":[{"count":1,"href":"https:\/\/www.ifbaiano.edu.br\/unidades\/valenca\/wp-json\/wp\/v2\/posts\/4594\/revisions"}],"predecessor-version":[{"id":4607,"href":"https:\/\/www.ifbaiano.edu.br\/unidades\/valenca\/wp-json\/wp\/v2\/posts\/4594\/revisions\/4607"}],"wp:attachment":[{"href":"https:\/\/www.ifbaiano.edu.br\/unidades\/valenca\/wp-json\/wp\/v2\/media?parent=4594"}],"wp:term":[{"taxonomy":"category","embeddable":true,"href":"https:\/\/www.ifbaiano.edu.br\/unidades\/valenca\/wp-json\/wp\/v2\/categories?post=4594"},{"taxonomy":"post_tag","embeddable":true,"href":"https:\/\/www.ifbaiano.edu.br\/unidades\/valenca\/wp-json\/wp\/v2\/tags?post=4594"}],"curies":[{"name":"wp","href":"https:\/\/api.w.org\/{rel}","templated":true}]}}