{"id":4616,"date":"2016-12-07T18:17:55","date_gmt":"2016-12-07T18:17:55","guid":{"rendered":"http:\/\/www.ifbaiano.edu.br\/unidades\/valenca\/?p=4616"},"modified":"2016-12-20T15:25:16","modified_gmt":"2016-12-20T15:25:16","slug":"homologacao-do-resultado-final-da-especializacao-em-leitura-e-producao-textual","status":"publish","type":"post","link":"https:\/\/www.ifbaiano.edu.br\/unidades\/valenca\/2016\/12\/07\/homologacao-do-resultado-final-da-especializacao-em-leitura-e-producao-textual\/","title":{"rendered":"Homologa\u00e7\u00e3o do RESULTADO FINAL da Especializa\u00e7\u00e3o em LEITURA E PRODU\u00c7\u00c3O TEXTUAL"},"content":{"rendered":"<p><a href=\"http:\/\/www.ifbaiano.edu.br\/unidades\/valenca\/files\/2016\/12\/cronograma-da-inscri\u00e7\u00e3o-p\u00f3s-gradua\u00e7\u00e3o-valen\u00e7a-com-prorroga\u00e7\u00e3o.pdf\">Cronograma<\/a><\/p>\n<p><a href=\"http:\/\/www.ifbaiano.edu.br\/unidades\/valenca\/files\/2016\/12\/HOMOLOGA\u00c7\u00c3O-RESULTADO-FINAL-pos-em-leitura-e-produ\u00e7\u00e3o-textual1.pdf\">Homologa\u00e7\u00e3o Resultado Final<\/a><\/p>\n","protected":false},"excerpt":{"rendered":"<p>Cronograma Homologa\u00e7\u00e3o Resultado Final<\/p>\n","protected":false},"author":62,"featured_media":0,"comment_status":"open","ping_status":"open","sticky":false,"template":"","format":"standard","meta":[],"categories":[5,63],"tags":[],"_links":{"self":[{"href":"https:\/\/www.ifbaiano.edu.br\/unidades\/valenca\/wp-json\/wp\/v2\/posts\/4616"}],"collection":[{"href":"https:\/\/www.ifbaiano.edu.br\/unidades\/valenca\/wp-json\/wp\/v2\/posts"}],"about":[{"href":"https:\/\/www.ifbaiano.edu.br\/unidades\/valenca\/wp-json\/wp\/v2\/types\/post"}],"author":[{"embeddable":true,"href":"https:\/\/www.ifbaiano.edu.br\/unidades\/valenca\/wp-json\/wp\/v2\/users\/62"}],"replies":[{"embeddable":true,"href":"https:\/\/www.ifbaiano.edu.br\/unidades\/valenca\/wp-json\/wp\/v2\/comments?post=4616"}],"version-history":[{"count":1,"href":"https:\/\/www.ifbaiano.edu.br\/unidades\/valenca\/wp-json\/wp\/v2\/posts\/4616\/revisions"}],"predecessor-version":[{"id":4619,"href":"https:\/\/www.ifbaiano.edu.br\/unidades\/valenca\/wp-json\/wp\/v2\/posts\/4616\/revisions\/4619"}],"wp:attachment":[{"href":"https:\/\/www.ifbaiano.edu.br\/unidades\/valenca\/wp-json\/wp\/v2\/media?parent=4616"}],"wp:term":[{"taxonomy":"category","embeddable":true,"href":"https:\/\/www.ifbaiano.edu.br\/unidades\/valenca\/wp-json\/wp\/v2\/categories?post=4616"},{"taxonomy":"post_tag","embeddable":true,"href":"https:\/\/www.ifbaiano.edu.br\/unidades\/valenca\/wp-json\/wp\/v2\/tags?post=4616"}],"curies":[{"name":"wp","href":"https:\/\/api.w.org\/{rel}","templated":true}]}}