{"id":4636,"date":"2017-02-13T17:41:10","date_gmt":"2017-02-13T17:41:10","guid":{"rendered":"http:\/\/www.ifbaiano.edu.br\/unidades\/valenca\/?p=4636"},"modified":"2017-02-15T18:59:03","modified_gmt":"2017-02-15T18:59:03","slug":"curso-de-nivelamento","status":"publish","type":"post","link":"https:\/\/www.ifbaiano.edu.br\/unidades\/valenca\/2017\/02\/13\/curso-de-nivelamento\/","title":{"rendered":"Aten\u00e7\u00e3o estudantes ingressantes &#8211; curso de nivelamento"},"content":{"rendered":"<p>Visando subsidiar o estudante ingresso no ano letivo de 2017, o campus Valen\u00e7a oferece Curso de Nivelamento nas disciplinas de L\u00edngua Portuguesa e Matem\u00e1tica. Esse curso ocorrer\u00e1 entre os dias 22\/02\/2017 e 17\/03\/2017, no turno oposto as aulas, e tem como objetivo identificar poss\u00edveis dificuldades e auxiliar o discente em seu desenvolvimento cognitivo.<br \/>\nRessaltamos a import\u00e2ncia da participa\u00e7\u00e3o do estudante no Curso de Nivelamento para auxili\u00e1-lo a obter um melhor aproveitamento durante o ano letivo n\u00e3o apenas nas disciplinas em quest\u00e3o, mas em todas as outras as quais esses conhecimentos servem de base. Segue abaixo o calend\u00e1rio das atividades que ser\u00e3o desenvolvidas.<\/p>\n<p>CALEND\u00c1RIO CURSO DE NIVELAMENTO<\/p>\n<p>22\/02 \u00a0 \u00a0 \u00a0 \u00a0AVALIA\u00c7\u00c3O DIAGNOSTICA INICIAL<br \/>\n08\/03 \u00a0 \u00a0 \u00a0 \u00a0AULA 1 e 2<br \/>\n10\/03 \u00a0 \u00a0 \u00a0 \u00a0AULA 3 e 4<br \/>\n11\/03 \u00a0 \u00a0 \u00a0 \u00a0AULA 5 e 6<br \/>\n15\/03 \u00a0 \u00a0 \u00a0 \u00a0AULA 7 e 8<br \/>\n17\/03 \u00a0 \u00a0 \u00a0 \u00a0AVALIA\u00c7\u00c3O DIAGNOSTICA FINAL<\/p>\n","protected":false},"excerpt":{"rendered":"<p>Visando subsidiar o estudante ingresso no ano letivo de 2017, o campus Valen\u00e7a oferece Curso de Nivelamento nas disciplinas de L\u00edngua Portuguesa e Matem\u00e1tica. Esse curso ocorrer\u00e1 entre os dias 22\/02\/2017 e 17\/03\/2017, no turno oposto as aulas, e tem como objetivo identificar poss\u00edveis dificuldades e auxiliar o discente em seu desenvolvimento cognitivo. Ressaltamos a [&hellip;]<\/p>\n","protected":false},"author":62,"featured_media":0,"comment_status":"open","ping_status":"open","sticky":false,"template":"","format":"standard","meta":[],"categories":[5],"tags":[],"_links":{"self":[{"href":"https:\/\/www.ifbaiano.edu.br\/unidades\/valenca\/wp-json\/wp\/v2\/posts\/4636"}],"collection":[{"href":"https:\/\/www.ifbaiano.edu.br\/unidades\/valenca\/wp-json\/wp\/v2\/posts"}],"about":[{"href":"https:\/\/www.ifbaiano.edu.br\/unidades\/valenca\/wp-json\/wp\/v2\/types\/post"}],"author":[{"embeddable":true,"href":"https:\/\/www.ifbaiano.edu.br\/unidades\/valenca\/wp-json\/wp\/v2\/users\/62"}],"replies":[{"embeddable":true,"href":"https:\/\/www.ifbaiano.edu.br\/unidades\/valenca\/wp-json\/wp\/v2\/comments?post=4636"}],"version-history":[{"count":2,"href":"https:\/\/www.ifbaiano.edu.br\/unidades\/valenca\/wp-json\/wp\/v2\/posts\/4636\/revisions"}],"predecessor-version":[{"id":4638,"href":"https:\/\/www.ifbaiano.edu.br\/unidades\/valenca\/wp-json\/wp\/v2\/posts\/4636\/revisions\/4638"}],"wp:attachment":[{"href":"https:\/\/www.ifbaiano.edu.br\/unidades\/valenca\/wp-json\/wp\/v2\/media?parent=4636"}],"wp:term":[{"taxonomy":"category","embeddable":true,"href":"https:\/\/www.ifbaiano.edu.br\/unidades\/valenca\/wp-json\/wp\/v2\/categories?post=4636"},{"taxonomy":"post_tag","embeddable":true,"href":"https:\/\/www.ifbaiano.edu.br\/unidades\/valenca\/wp-json\/wp\/v2\/tags?post=4636"}],"curies":[{"name":"wp","href":"https:\/\/api.w.org\/{rel}","templated":true}]}}