{"id":4639,"date":"2017-02-16T17:15:31","date_gmt":"2017-02-16T17:15:31","guid":{"rendered":"http:\/\/www.ifbaiano.edu.br\/unidades\/valenca\/?p=4639"},"modified":"2017-02-17T17:46:06","modified_gmt":"2017-02-17T17:46:06","slug":"resultado-da-chamada-publica-no-0042016","status":"publish","type":"post","link":"https:\/\/www.ifbaiano.edu.br\/unidades\/valenca\/2017\/02\/16\/resultado-da-chamada-publica-no-0042016\/","title":{"rendered":"Retificado &#8211; Resultado da Chamada P\u00fablica N\u00ba 004\/2016"},"content":{"rendered":"<p>O Diretor Geral do Instituto Federal de Educa\u00e7\u00e3o, Ci\u00eancia e Tecnologia Baiano \u2013 IF Baiano \u2013 <em>Campus<\/em> Valen\u00e7a, no uso de suas atribui\u00e7\u00f5es legais, conforme lhe confere a portaria n\u00ba 335 de 18 de mar\u00e7o de 2014, publicada no DOU de 19 de mar\u00e7o de 2014, combinado com o que disp\u00f5e a lei 8.112\/90, <strong>divulga<\/strong> o resultado da Chamada P\u00fablica N\u00ba 004\/2016 relativo \u00e0 Submiss\u00e3o de textos ao projeto de extens\u00e3o <strong>\u00c0s margens f\u00e9rteis do Rio Una: produ\u00e7\u00e3o interart\u00edstica em Valen\u00e7a, Bahia.<\/strong><\/p>\n<p><del><a href=\"http:\/\/www.ifbaiano.edu.br\/unidades\/valenca\/files\/2017\/02\/RESULTADO-PARCIAL.pdf\">RESULTADO PARCIAL<\/a><\/del><\/p>\n<p><a href=\"http:\/\/www.ifbaiano.edu.br\/unidades\/valenca\/files\/2017\/02\/RESULTADO-PARCIAL-1.pdf\">Retificado &#8211; Resultado Parcial<\/a><\/p>\n","protected":false},"excerpt":{"rendered":"<p>O Diretor Geral do Instituto Federal de Educa\u00e7\u00e3o, Ci\u00eancia e Tecnologia Baiano \u2013 IF Baiano \u2013 Campus Valen\u00e7a, no uso de suas atribui\u00e7\u00f5es legais, conforme lhe confere a portaria n\u00ba 335 de 18 de mar\u00e7o de 2014, publicada no DOU de 19 de mar\u00e7o de 2014, combinado com o que disp\u00f5e a lei 8.112\/90, divulga [&hellip;]<\/p>\n","protected":false},"author":62,"featured_media":0,"comment_status":"open","ping_status":"open","sticky":false,"template":"","format":"standard","meta":[],"categories":[4],"tags":[],"_links":{"self":[{"href":"https:\/\/www.ifbaiano.edu.br\/unidades\/valenca\/wp-json\/wp\/v2\/posts\/4639"}],"collection":[{"href":"https:\/\/www.ifbaiano.edu.br\/unidades\/valenca\/wp-json\/wp\/v2\/posts"}],"about":[{"href":"https:\/\/www.ifbaiano.edu.br\/unidades\/valenca\/wp-json\/wp\/v2\/types\/post"}],"author":[{"embeddable":true,"href":"https:\/\/www.ifbaiano.edu.br\/unidades\/valenca\/wp-json\/wp\/v2\/users\/62"}],"replies":[{"embeddable":true,"href":"https:\/\/www.ifbaiano.edu.br\/unidades\/valenca\/wp-json\/wp\/v2\/comments?post=4639"}],"version-history":[{"count":3,"href":"https:\/\/www.ifbaiano.edu.br\/unidades\/valenca\/wp-json\/wp\/v2\/posts\/4639\/revisions"}],"predecessor-version":[{"id":4644,"href":"https:\/\/www.ifbaiano.edu.br\/unidades\/valenca\/wp-json\/wp\/v2\/posts\/4639\/revisions\/4644"}],"wp:attachment":[{"href":"https:\/\/www.ifbaiano.edu.br\/unidades\/valenca\/wp-json\/wp\/v2\/media?parent=4639"}],"wp:term":[{"taxonomy":"category","embeddable":true,"href":"https:\/\/www.ifbaiano.edu.br\/unidades\/valenca\/wp-json\/wp\/v2\/categories?post=4639"},{"taxonomy":"post_tag","embeddable":true,"href":"https:\/\/www.ifbaiano.edu.br\/unidades\/valenca\/wp-json\/wp\/v2\/tags?post=4639"}],"curies":[{"name":"wp","href":"https:\/\/api.w.org\/{rel}","templated":true}]}}