{"id":4645,"date":"2017-02-21T12:19:17","date_gmt":"2017-02-21T12:19:17","guid":{"rendered":"http:\/\/www.ifbaiano.edu.br\/unidades\/valenca\/?p=4645"},"modified":"2017-02-21T12:19:17","modified_gmt":"2017-02-21T12:19:17","slug":"if-baiano-abre-edital-de-processo-seletivo-para-vagas-remanescentes-2","status":"publish","type":"post","link":"https:\/\/www.ifbaiano.edu.br\/unidades\/valenca\/2017\/02\/21\/if-baiano-abre-edital-de-processo-seletivo-para-vagas-remanescentes-2\/","title":{"rendered":"IF Baiano abre Edital de Processo Seletivo para vagas remanescentes"},"content":{"rendered":"<p style=\"text-align: justify\"><a href=\"http:\/\/www.ifbaiano.edu.br\/unidades\/valenca\/files\/2017\/02\/DIVULGA-REMANESCENTE.png\"><img decoding=\"async\" loading=\"lazy\" class=\"size-full wp-image-4646 alignright\" src=\"http:\/\/www.ifbaiano.edu.br\/unidades\/valenca\/files\/2017\/02\/DIVULGA-REMANESCENTE.png\" alt=\"DIVULGA REMANESCENTE\" width=\"486\" height=\"588\" \/><\/a>Est\u00e3o abertas, de <b>21 a 23 de fevereiro de 2017<\/b>, edital de vagas remanescentes para os cursos de Agropecu\u00e1ria e Meio Ambiente subsequentes. As inscri\u00e7\u00f5es dever\u00e3o ser efetuadas presencialmente no IF Baiano &#8211; campus Valen\u00e7a, localizado na Rua Glic\u00e9rio Tavares, Sn, Bate Quente.<\/p>\n<p style=\"text-align: justify\">Est\u00e3o dispon\u00edveis 19 (dezenove) vagas para o curso de Agropecu\u00e1ria matutino, 14 (quatorze) para o curso de Meio Ambiente vespertino e 20 (vinte) vagas para Meio Ambiente noturno. O IF Baiano conta com reserva de vagas para oriundos de escola p\u00fablica e pessoas com defici\u00eancia.<\/p>\n<p style=\"text-align: justify\">A sele\u00e7\u00e3o ser\u00e1 feita atrav\u00e9s de manifesta\u00e7\u00e3o de interesse onde os candidatos ser\u00e3o contemplados por ordem de chegada. Os candidatos dever\u00e3o comparecer ao campus com toda a documenta\u00e7\u00e3o de matr\u00edcula solicitada no edital.<\/p>\n<p style=\"text-align: justify\">Mais informa\u00e7\u00f5es consulte o edital no site: prosel.ifbaiano.edu.br ou ligue para o telefone: 3641 \u2013 5270.<\/p>\n<p style=\"text-align: justify\"><a href=\"http:\/\/ifbaiano.edu.br\/portal\/ingresso-de-estudantes-2017\/wp-content\/uploads\/sites\/7\/2017\/02\/edital-remanescente-valen%C3%A7a.pdf\">Edital Remanessente<\/a><\/p>\n","protected":false},"excerpt":{"rendered":"<p>Est\u00e3o abertas, de 21 a 23 de fevereiro de 2017, edital de vagas remanescentes para os cursos de Agropecu\u00e1ria e Meio Ambiente subsequentes. As inscri\u00e7\u00f5es dever\u00e3o ser efetuadas presencialmente no IF Baiano &#8211; campus Valen\u00e7a, localizado na Rua Glic\u00e9rio Tavares, Sn, Bate Quente. Est\u00e3o dispon\u00edveis 19 (dezenove) vagas para o curso de Agropecu\u00e1ria matutino, 14 [&hellip;]<\/p>\n","protected":false},"author":62,"featured_media":0,"comment_status":"open","ping_status":"open","sticky":false,"template":"","format":"standard","meta":[],"categories":[4,36],"tags":[],"_links":{"self":[{"href":"https:\/\/www.ifbaiano.edu.br\/unidades\/valenca\/wp-json\/wp\/v2\/posts\/4645"}],"collection":[{"href":"https:\/\/www.ifbaiano.edu.br\/unidades\/valenca\/wp-json\/wp\/v2\/posts"}],"about":[{"href":"https:\/\/www.ifbaiano.edu.br\/unidades\/valenca\/wp-json\/wp\/v2\/types\/post"}],"author":[{"embeddable":true,"href":"https:\/\/www.ifbaiano.edu.br\/unidades\/valenca\/wp-json\/wp\/v2\/users\/62"}],"replies":[{"embeddable":true,"href":"https:\/\/www.ifbaiano.edu.br\/unidades\/valenca\/wp-json\/wp\/v2\/comments?post=4645"}],"version-history":[{"count":1,"href":"https:\/\/www.ifbaiano.edu.br\/unidades\/valenca\/wp-json\/wp\/v2\/posts\/4645\/revisions"}],"predecessor-version":[{"id":4647,"href":"https:\/\/www.ifbaiano.edu.br\/unidades\/valenca\/wp-json\/wp\/v2\/posts\/4645\/revisions\/4647"}],"wp:attachment":[{"href":"https:\/\/www.ifbaiano.edu.br\/unidades\/valenca\/wp-json\/wp\/v2\/media?parent=4645"}],"wp:term":[{"taxonomy":"category","embeddable":true,"href":"https:\/\/www.ifbaiano.edu.br\/unidades\/valenca\/wp-json\/wp\/v2\/categories?post=4645"},{"taxonomy":"post_tag","embeddable":true,"href":"https:\/\/www.ifbaiano.edu.br\/unidades\/valenca\/wp-json\/wp\/v2\/tags?post=4645"}],"curies":[{"name":"wp","href":"https:\/\/api.w.org\/{rel}","templated":true}]}}