{"id":4649,"date":"2017-03-02T13:07:40","date_gmt":"2017-03-02T13:07:40","guid":{"rendered":"http:\/\/www.ifbaiano.edu.br\/unidades\/valenca\/?p=4649"},"modified":"2017-03-02T13:07:40","modified_gmt":"2017-03-02T13:07:40","slug":"resultado-da-chamada-publica-no-0042016-2","status":"publish","type":"post","link":"https:\/\/www.ifbaiano.edu.br\/unidades\/valenca\/2017\/03\/02\/resultado-da-chamada-publica-no-0042016-2\/","title":{"rendered":"Resultado da Chamada P\u00fablica N\u00ba 004\/2016"},"content":{"rendered":"<div style=\"text-align: justify\">O Diretor Geral do Instituto Federal de Educa\u00e7\u00e3o, Ci\u00eancia e Tecnologia Baiano \u2013 Campus Valen\u00e7a, no uso de suas atribui\u00e7\u00f5es legais, conforme lhe confere a portaria n\u00ba 335 de 18 de mar\u00e7o de 2014, publicada no DOU de 19 de mar\u00e7o de 2014, e pela delega\u00e7\u00e3o de compet\u00eancia conferida pela portaria N\u00ba 370 de 09\/04\/2012, de acordo com as disposi\u00e7\u00f5es contidas na Lei N\u00ba 11.892 de 29\/12\/2008 e Lei N\u00ba 8.112\/1990, Resolve:<\/div>\n<p><a href=\"http:\/\/www.ifbaiano.edu.br\/unidades\/valenca\/files\/2017\/03\/Portaria-009_2017-DIVULGA-RESULTADO-CHAMADA-P\u00daBLICA.pdf\">Portaria<\/a><\/p>\n<p>&nbsp;<\/p>\n","protected":false},"excerpt":{"rendered":"<p>O Diretor Geral do Instituto Federal de Educa\u00e7\u00e3o, Ci\u00eancia e Tecnologia Baiano \u2013 Campus Valen\u00e7a, no uso de suas atribui\u00e7\u00f5es legais, conforme lhe confere a portaria n\u00ba 335 de 18 de mar\u00e7o de 2014, publicada no DOU de 19 de mar\u00e7o de 2014, e pela delega\u00e7\u00e3o de compet\u00eancia conferida pela portaria N\u00ba 370 de 09\/04\/2012, [&hellip;]<\/p>\n","protected":false},"author":62,"featured_media":0,"comment_status":"open","ping_status":"open","sticky":false,"template":"","format":"standard","meta":[],"categories":[4],"tags":[],"_links":{"self":[{"href":"https:\/\/www.ifbaiano.edu.br\/unidades\/valenca\/wp-json\/wp\/v2\/posts\/4649"}],"collection":[{"href":"https:\/\/www.ifbaiano.edu.br\/unidades\/valenca\/wp-json\/wp\/v2\/posts"}],"about":[{"href":"https:\/\/www.ifbaiano.edu.br\/unidades\/valenca\/wp-json\/wp\/v2\/types\/post"}],"author":[{"embeddable":true,"href":"https:\/\/www.ifbaiano.edu.br\/unidades\/valenca\/wp-json\/wp\/v2\/users\/62"}],"replies":[{"embeddable":true,"href":"https:\/\/www.ifbaiano.edu.br\/unidades\/valenca\/wp-json\/wp\/v2\/comments?post=4649"}],"version-history":[{"count":1,"href":"https:\/\/www.ifbaiano.edu.br\/unidades\/valenca\/wp-json\/wp\/v2\/posts\/4649\/revisions"}],"predecessor-version":[{"id":4651,"href":"https:\/\/www.ifbaiano.edu.br\/unidades\/valenca\/wp-json\/wp\/v2\/posts\/4649\/revisions\/4651"}],"wp:attachment":[{"href":"https:\/\/www.ifbaiano.edu.br\/unidades\/valenca\/wp-json\/wp\/v2\/media?parent=4649"}],"wp:term":[{"taxonomy":"category","embeddable":true,"href":"https:\/\/www.ifbaiano.edu.br\/unidades\/valenca\/wp-json\/wp\/v2\/categories?post=4649"},{"taxonomy":"post_tag","embeddable":true,"href":"https:\/\/www.ifbaiano.edu.br\/unidades\/valenca\/wp-json\/wp\/v2\/tags?post=4649"}],"curies":[{"name":"wp","href":"https:\/\/api.w.org\/{rel}","templated":true}]}}