{"id":4653,"date":"2017-03-14T17:38:58","date_gmt":"2017-03-14T17:38:58","guid":{"rendered":"http:\/\/www.ifbaiano.edu.br\/unidades\/valenca\/?p=4653"},"modified":"2017-03-14T17:38:58","modified_gmt":"2017-03-14T17:38:58","slug":"projeto-margaridas-do-baixo-sul","status":"publish","type":"post","link":"https:\/\/www.ifbaiano.edu.br\/unidades\/valenca\/2017\/03\/14\/projeto-margaridas-do-baixo-sul\/","title":{"rendered":"Projeto Margaridas do Baixo Sul"},"content":{"rendered":"<p style=\"text-align: justify\">No dia 08 de mar\u00e7o foram iniciadas as atividades do Projeto de Extens\u00e3o Margaridas do Baixo Sul campus Valen\u00e7a. A Aula Inaugural (dia 08) foi realizada com a palestra: Autonomia e Empoderamento Feminino, proferida pela Pedagoga Sra. Andrea Luz, membro do Coletivo de Mulheres Empoderadas de Valen\u00e7a. Dando continuidade, no dia 09 de mar\u00e7o, as integrantes do projeto participaram do M\u00f3dulo de Rela\u00e7\u00f5es Interpessoais e Mapa da Vida com o Assistente Social Marcelo Oliveira dos Santos (UFBA). Nesta segunda-feira, dia 13 de mar\u00e7o, acontece o M\u00f3dulo Meio Ambiente e Produ\u00e7\u00e3o Sustent\u00e1vel com a facilitadora Rosita Nascimento de Sena.<\/p>\n<p style=\"text-align: justify\">O Projeto Margaridas do Baixo Sul tem o compromisso de contribuir com a promo\u00e7\u00e3o da autonomia, fortalecimento do papel da mulher na sociedade como um ator produtivo, que colabora com o desenvolvimento sustent\u00e1vel local\/regional, bem como a melhoria da qualidade de vida individual e coletiva de cada uma das mulheres envolvidas no projeto e de seus pares.<\/p>\n\n\t\t<style type=\"text\/css\">\n\t\t\t#gallery-1 {\n\t\t\t\tmargin: auto;\n\t\t\t}\n\t\t\t#gallery-1 .gallery-item {\n\t\t\t\tfloat: left;\n\t\t\t\tmargin-top: 10px;\n\t\t\t\ttext-align: center;\n\t\t\t\twidth: 33%;\n\t\t\t}\n\t\t\t#gallery-1 img {\n\t\t\t\tborder: 2px solid #cfcfcf;\n\t\t\t}\n\t\t\t#gallery-1 .gallery-caption {\n\t\t\t\tmargin-left: 0;\n\t\t\t}\n\t\t\t\/* see gallery_shortcode() in wp-includes\/media.php *\/\n\t\t<\/style>\n\t\t<div id='gallery-1' class='gallery galleryid-4653 gallery-columns-3 gallery-size-thumbnail'><dl class='gallery-item'>\n\t\t\t<dt class='gallery-icon landscape'>\n\t\t\t\t<a href='https:\/\/www.ifbaiano.edu.br\/unidades\/valenca\/2017\/03\/14\/projeto-margaridas-do-baixo-sul\/aula-inaugural-1\/'><img width=\"150\" height=\"84\" src=\"https:\/\/www.ifbaiano.edu.br\/unidades\/valenca\/files\/2017\/03\/Aula-Inaugural-1.jpg\" class=\"attachment-thumbnail size-thumbnail\" alt=\"\" decoding=\"async\" loading=\"lazy\" \/><\/a>\n\t\t\t<\/dt><\/dl><dl class='gallery-item'>\n\t\t\t<dt class='gallery-icon landscape'>\n\t\t\t\t<a href='https:\/\/www.ifbaiano.edu.br\/unidades\/valenca\/2017\/03\/14\/projeto-margaridas-do-baixo-sul\/aula-inaugural-2\/'><img width=\"150\" height=\"84\" src=\"https:\/\/www.ifbaiano.edu.br\/unidades\/valenca\/files\/2017\/03\/Aula-Inaugural-2.jpg\" class=\"attachment-thumbnail size-thumbnail\" alt=\"\" decoding=\"async\" loading=\"lazy\" \/><\/a>\n\t\t\t<\/dt><\/dl><dl class='gallery-item'>\n\t\t\t<dt class='gallery-icon landscape'>\n\t\t\t\t<a href='https:\/\/www.ifbaiano.edu.br\/unidades\/valenca\/2017\/03\/14\/projeto-margaridas-do-baixo-sul\/aula-inaugural-3\/'><img width=\"150\" height=\"84\" src=\"https:\/\/www.ifbaiano.edu.br\/unidades\/valenca\/files\/2017\/03\/Aula-Inaugural-3.jpg\" class=\"attachment-thumbnail size-thumbnail\" alt=\"\" decoding=\"async\" loading=\"lazy\" \/><\/a>\n\t\t\t<\/dt><\/dl><br style=\"clear: both\" \/><dl class='gallery-item'>\n\t\t\t<dt class='gallery-icon landscape'>\n\t\t\t\t<a href='https:\/\/www.ifbaiano.edu.br\/unidades\/valenca\/2017\/03\/14\/projeto-margaridas-do-baixo-sul\/aula-inaugural-4\/'><img width=\"150\" height=\"84\" src=\"https:\/\/www.ifbaiano.edu.br\/unidades\/valenca\/files\/2017\/03\/Aula-Inaugural-4.jpg\" class=\"attachment-thumbnail size-thumbnail\" alt=\"\" decoding=\"async\" loading=\"lazy\" \/><\/a>\n\t\t\t<\/dt><\/dl><dl class='gallery-item'>\n\t\t\t<dt class='gallery-icon landscape'>\n\t\t\t\t<a href='https:\/\/www.ifbaiano.edu.br\/unidades\/valenca\/2017\/03\/14\/projeto-margaridas-do-baixo-sul\/aula-inaugural-5\/'><img width=\"150\" height=\"84\" src=\"https:\/\/www.ifbaiano.edu.br\/unidades\/valenca\/files\/2017\/03\/Aula-Inaugural-5.jpg\" class=\"attachment-thumbnail size-thumbnail\" alt=\"\" decoding=\"async\" loading=\"lazy\" \/><\/a>\n\t\t\t<\/dt><\/dl><dl class='gallery-item'>\n\t\t\t<dt class='gallery-icon landscape'>\n\t\t\t\t<a href='https:\/\/www.ifbaiano.edu.br\/unidades\/valenca\/2017\/03\/14\/projeto-margaridas-do-baixo-sul\/aula-inaugural-6\/'><img width=\"150\" height=\"84\" src=\"https:\/\/www.ifbaiano.edu.br\/unidades\/valenca\/files\/2017\/03\/Aula-Inaugural-6.jpg\" class=\"attachment-thumbnail size-thumbnail\" alt=\"\" decoding=\"async\" loading=\"lazy\" \/><\/a>\n\t\t\t<\/dt><\/dl><br style=\"clear: both\" \/><dl class='gallery-item'>\n\t\t\t<dt class='gallery-icon portrait'>\n\t\t\t\t<a href='https:\/\/www.ifbaiano.edu.br\/unidades\/valenca\/2017\/03\/14\/projeto-margaridas-do-baixo-sul\/mapa-da-vida-1\/'><img width=\"84\" height=\"150\" src=\"https:\/\/www.ifbaiano.edu.br\/unidades\/valenca\/files\/2017\/03\/Mapa-da-Vida-1.jpg\" class=\"attachment-thumbnail size-thumbnail\" alt=\"\" decoding=\"async\" loading=\"lazy\" \/><\/a>\n\t\t\t<\/dt><\/dl><dl class='gallery-item'>\n\t\t\t<dt class='gallery-icon portrait'>\n\t\t\t\t<a href='https:\/\/www.ifbaiano.edu.br\/unidades\/valenca\/2017\/03\/14\/projeto-margaridas-do-baixo-sul\/mapa-da-vida-2\/'><img width=\"84\" height=\"150\" src=\"https:\/\/www.ifbaiano.edu.br\/unidades\/valenca\/files\/2017\/03\/Mapa-da-Vida-2.jpg\" class=\"attachment-thumbnail size-thumbnail\" alt=\"\" decoding=\"async\" loading=\"lazy\" \/><\/a>\n\t\t\t<\/dt><\/dl><dl class='gallery-item'>\n\t\t\t<dt class='gallery-icon portrait'>\n\t\t\t\t<a href='https:\/\/www.ifbaiano.edu.br\/unidades\/valenca\/2017\/03\/14\/projeto-margaridas-do-baixo-sul\/mapa-da-vida-3\/'><img width=\"84\" height=\"150\" src=\"https:\/\/www.ifbaiano.edu.br\/unidades\/valenca\/files\/2017\/03\/Mapa-da-Vida-3.jpg\" class=\"attachment-thumbnail size-thumbnail\" alt=\"\" decoding=\"async\" loading=\"lazy\" \/><\/a>\n\t\t\t<\/dt><\/dl><br style=\"clear: both\" \/><dl class='gallery-item'>\n\t\t\t<dt class='gallery-icon landscape'>\n\t\t\t\t<a href='https:\/\/www.ifbaiano.edu.br\/unidades\/valenca\/2017\/03\/14\/projeto-margaridas-do-baixo-sul\/relacoes-interpessoais-1\/'><img width=\"150\" height=\"84\" src=\"https:\/\/www.ifbaiano.edu.br\/unidades\/valenca\/files\/2017\/03\/Rela\u00e7\u00f5es-Interpessoais-1.jpg\" class=\"attachment-thumbnail size-thumbnail\" alt=\"\" decoding=\"async\" loading=\"lazy\" \/><\/a>\n\t\t\t<\/dt><\/dl><dl class='gallery-item'>\n\t\t\t<dt class='gallery-icon landscape'>\n\t\t\t\t<a href='https:\/\/www.ifbaiano.edu.br\/unidades\/valenca\/2017\/03\/14\/projeto-margaridas-do-baixo-sul\/relacoes-interpessoais-2\/'><img width=\"150\" height=\"84\" src=\"https:\/\/www.ifbaiano.edu.br\/unidades\/valenca\/files\/2017\/03\/Rela\u00e7\u00f5es-Interpessoais-2.jpg\" class=\"attachment-thumbnail size-thumbnail\" alt=\"\" decoding=\"async\" loading=\"lazy\" \/><\/a>\n\t\t\t<\/dt><\/dl><dl class='gallery-item'>\n\t\t\t<dt class='gallery-icon landscape'>\n\t\t\t\t<a href='https:\/\/www.ifbaiano.edu.br\/unidades\/valenca\/2017\/03\/14\/projeto-margaridas-do-baixo-sul\/relacoes-interpessoais-3\/'><img width=\"150\" height=\"84\" src=\"https:\/\/www.ifbaiano.edu.br\/unidades\/valenca\/files\/2017\/03\/Rela\u00e7\u00f5es-Interpessoais-3.jpg\" class=\"attachment-thumbnail size-thumbnail\" alt=\"\" decoding=\"async\" loading=\"lazy\" \/><\/a>\n\t\t\t<\/dt><\/dl><br style=\"clear: both\" \/><dl class='gallery-item'>\n\t\t\t<dt class='gallery-icon landscape'>\n\t\t\t\t<a href='https:\/\/www.ifbaiano.edu.br\/unidades\/valenca\/2017\/03\/14\/projeto-margaridas-do-baixo-sul\/relacoes-interpessoais-4\/'><img width=\"150\" height=\"84\" src=\"https:\/\/www.ifbaiano.edu.br\/unidades\/valenca\/files\/2017\/03\/Rela\u00e7\u00f5es-Interpessoais-4.jpg\" class=\"attachment-thumbnail size-thumbnail\" alt=\"\" decoding=\"async\" loading=\"lazy\" \/><\/a>\n\t\t\t<\/dt><\/dl><dl class='gallery-item'>\n\t\t\t<dt class='gallery-icon landscape'>\n\t\t\t\t<a href='https:\/\/www.ifbaiano.edu.br\/unidades\/valenca\/2017\/03\/14\/projeto-margaridas-do-baixo-sul\/relacoes-interpessoais-5\/'><img width=\"150\" height=\"84\" src=\"https:\/\/www.ifbaiano.edu.br\/unidades\/valenca\/files\/2017\/03\/Rela\u00e7\u00f5es-Interpessoais-5.jpg\" class=\"attachment-thumbnail size-thumbnail\" alt=\"\" decoding=\"async\" loading=\"lazy\" \/><\/a>\n\t\t\t<\/dt><\/dl>\n\t\t\t<br style='clear: both' \/>\n\t\t<\/div>\n\n","protected":false},"excerpt":{"rendered":"<p>No dia 08 de mar\u00e7o foram iniciadas as atividades do Projeto de Extens\u00e3o Margaridas do Baixo Sul campus Valen\u00e7a. A Aula Inaugural (dia 08) foi realizada com a palestra: Autonomia e Empoderamento Feminino, proferida pela Pedagoga Sra. Andrea Luz, membro do Coletivo de Mulheres Empoderadas de Valen\u00e7a. Dando continuidade, no dia 09 de mar\u00e7o, as [&hellip;]<\/p>\n","protected":false},"author":62,"featured_media":0,"comment_status":"open","ping_status":"open","sticky":false,"template":"","format":"standard","meta":[],"categories":[21],"tags":[],"_links":{"self":[{"href":"https:\/\/www.ifbaiano.edu.br\/unidades\/valenca\/wp-json\/wp\/v2\/posts\/4653"}],"collection":[{"href":"https:\/\/www.ifbaiano.edu.br\/unidades\/valenca\/wp-json\/wp\/v2\/posts"}],"about":[{"href":"https:\/\/www.ifbaiano.edu.br\/unidades\/valenca\/wp-json\/wp\/v2\/types\/post"}],"author":[{"embeddable":true,"href":"https:\/\/www.ifbaiano.edu.br\/unidades\/valenca\/wp-json\/wp\/v2\/users\/62"}],"replies":[{"embeddable":true,"href":"https:\/\/www.ifbaiano.edu.br\/unidades\/valenca\/wp-json\/wp\/v2\/comments?post=4653"}],"version-history":[{"count":1,"href":"https:\/\/www.ifbaiano.edu.br\/unidades\/valenca\/wp-json\/wp\/v2\/posts\/4653\/revisions"}],"predecessor-version":[{"id":4668,"href":"https:\/\/www.ifbaiano.edu.br\/unidades\/valenca\/wp-json\/wp\/v2\/posts\/4653\/revisions\/4668"}],"wp:attachment":[{"href":"https:\/\/www.ifbaiano.edu.br\/unidades\/valenca\/wp-json\/wp\/v2\/media?parent=4653"}],"wp:term":[{"taxonomy":"category","embeddable":true,"href":"https:\/\/www.ifbaiano.edu.br\/unidades\/valenca\/wp-json\/wp\/v2\/categories?post=4653"},{"taxonomy":"post_tag","embeddable":true,"href":"https:\/\/www.ifbaiano.edu.br\/unidades\/valenca\/wp-json\/wp\/v2\/tags?post=4653"}],"curies":[{"name":"wp","href":"https:\/\/api.w.org\/{rel}","templated":true}]}}