{"id":4676,"date":"2017-04-05T17:41:23","date_gmt":"2017-04-05T17:41:23","guid":{"rendered":"http:\/\/www.ifbaiano.edu.br\/unidades\/valenca\/?p=4676"},"modified":"2017-05-25T19:55:59","modified_gmt":"2017-05-25T19:55:59","slug":"4676","status":"publish","type":"post","link":"https:\/\/www.ifbaiano.edu.br\/unidades\/valenca\/2017\/04\/05\/4676\/","title":{"rendered":"III ENCONTRO DE MEIO AMBIENTE DO IF BAIANO &#8211; EMAIF"},"content":{"rendered":"<p><strong>III ENCONTRO DE MEIO AMBIENTE DO IF BAIANO &#8211; EMAIF <\/strong><\/p>\n<p><strong>Campus Valen\u00e7a<br \/>\n<\/strong><\/p>\n<p><strong>\u00c1GUA- <\/strong><strong>20 Anos da Pol\u00edtica Nacional de Recursos H\u00eddricos: Desafios e Avan\u00e7os<\/strong><\/p>\n<p><strong>06, 07 e 08 de junho de 2017<br \/>\n<\/strong><\/p>\n<p><a href=\"http:\/\/www.ifbaiano.edu.br\/unidades\/valenca\/files\/2017\/04\/EMAIF_imagem.jpg\"><img decoding=\"async\" loading=\"lazy\" class=\"alignright wp-image-4677\" src=\"http:\/\/www.ifbaiano.edu.br\/unidades\/valenca\/files\/2017\/04\/EMAIF_imagem.jpg\" alt=\"EMAIF_imagem\" width=\"443\" height=\"407\" \/><\/a>O III Encontro de Meio Ambiente (EMAIF) do IF Baiano &#8211; Campus Valen\u00e7a de abrang\u00eancia estadual tem por objetivo promover discuss\u00f5es em torno das quest\u00f5es ambientais num di\u00e1logo aberto entre discentes, docentes, pesquisadores e comunidade externa, com o intuito de viabilizar e implementar interven\u00e7\u00f5es sustent\u00e1veis no Territ\u00f3rio de Identidade do Baixo Sul, bem como trocas de experi\u00eancias com outros territ\u00f3rios do Estado da Bahia e ainda com demais territ\u00f3rios de outros estados brasileiros.<\/p>\n<p>Em 2017, o III Encontro de Meio Ambiente do IF Baiano &#8211; Campus Valen\u00e7a traz como tema central: \u00c1gua &#8211; 20 anos da Pol\u00edtica Nacional de Recursos H\u00eddricos: Desafios e Perspectivas, como mais uma oportunidade de refletir nossas a\u00e7\u00f5es cotidianas acerca da utiliza\u00e7\u00e3o da \u00e1gua, pol\u00edticas regionais, a\u00e7\u00f5es dos Comit\u00eas de Bacia; demanda e oferta; de toda cadeia produtiva industrial e agr\u00edcola, da preserva\u00e7\u00e3o das nascentes, \u00e1guas subterr\u00e2neas, superficiais at\u00e9 a foz, al\u00e9m de todo patrim\u00f4nio de mares e oceanos, vislumbrando a seguran\u00e7a h\u00eddrica como fator fundamental a promo\u00e7\u00e3o do desenvolvimento local\/regional em bases sustent\u00e1veis.<\/p>\n<p><strong>\u00a0Eixos Tem\u00e1ticos<\/strong><\/p>\n<ul>\n<li>Tecnologias Sociais<\/li>\n<li>Sa\u00fade Ambiental<\/li>\n<li>Impacto Socioambiental<\/li>\n<li>Agricultura<\/li>\n<li>Diversidade, Manejo e Conserva\u00e7\u00e3o dos Ecossistemas<\/li>\n<li>Educa\u00e7\u00e3o e Participa\u00e7\u00e3o Social<\/li>\n<\/ul>\n<p><strong><em>Programa\u00e7\u00e3o Completa do III EMAIF.<\/em><\/strong><\/p>\n<p><del><a href=\"http:\/\/www.ifbaiano.edu.br\/unidades\/valenca\/files\/2017\/04\/Prog-Divulg-EMAIF-2017-2.pdf\">Programa\u00e7\u00e3o<\/a><\/del><\/p>\n<p><a href=\"http:\/\/www.ifbaiano.edu.br\/unidades\/valenca\/files\/2017\/04\/Progama\u00e7\u00e3o-Final-EMAIF-2017.pdf\">Progama\u00e7\u00e3o Final- EMAIF 2017<\/a><\/p>\n<p><strong>\u00a0Cronograma<\/strong><\/p>\n<p>Per\u00edodo do Evento: 06, 07 e 08 de junho de 2017<\/p>\n<p>Per\u00edodo de Submiss\u00e3o de Trabalhos: 05 de abril a 28 de abril de 2017<\/p>\n<p><del>Per\u00edodo de Inscri\u00e7\u00f5es no Evento: 03 de abril a 22 de maio de 2017<\/del><\/p>\n<p>Per\u00edodo de Inscri\u00e7\u00f5es no Evento Prorrogado At\u00e9: 06 de Junho de 2017<\/p>\n<p>Para efetivar sua inscri\u00e7\u00e3o no III EMAIF, participa\u00e7\u00e3o em mini-cursos e submiss\u00e3o de trabalhos, \u00e9 necess\u00e1rio cadastrar-se atrav\u00e9s do site: <a href=\"https:\/\/www.even3.com.br\/emaif2017\">https:\/\/www.even3.com.br\/emaif2017<\/a><\/p>\n<p>J\u00e1 est\u00e3o abertas as submiss\u00f5es de trabalhos cient\u00edficos. A submiss\u00e3o dos resumos dever\u00e1 ser online, ap\u00f3s efetuar login, clicando na aba <strong>&#8220;Submeter trabalho cient\u00edfico&#8221;<\/strong> em seguida <strong>\u201cRegras de submiss\u00e3o\u201d<\/strong> para acessar o modelo do Resumo Expandido.<\/p>\n<p><strong>Contatos:<\/strong><\/p>\n<p>Informa\u00e7\u00f5es gerais: <a href=\"mailto:emaif2017@valenca.ifbaiano.edu.br\">emaif2017@valenca.ifbaiano.edu.br<\/a><\/p>\n<p>D\u00favidas sobre submiss\u00e3o de trabalhos: trabalhosemaif@valenca.ifbaiano.edu.br<\/p>\n<p>D\u00favidas sobre mini-cursos: <a href=\"mailto:minicursoemaif@valenca.ifbaiano.edu.br\">minicursoemaif@valenca.ifbaiano.edu.br<\/a><\/p>\n<p><strong>Comiss\u00e3o Geral <\/strong><\/p>\n<p><strong>\u00a0<\/strong>Adailde do Carmo Santos<\/p>\n<p>Elielma Santana Fernandes<\/p>\n<p>Maria Auxiliadora Freitas dos Santos<\/p>\n<p><strong>\u00a0Comiss\u00e3o Cient\u00edfica<\/strong><\/p>\n<p><strong>\u00a0<\/strong>Alana Ara\u00fajo dos Santos<\/p>\n<p>Jorge Lu\u00eds Copquer dos Santos J\u00fanior<\/p>\n<p>Ol\u00edmpia Lima Silva Filha<\/p>\n<p><strong>Comiss\u00e3o de Divulga\u00e7\u00e3o<\/strong><\/p>\n<p><strong>\u00a0<\/strong>Diego Bonfim<\/p>\n<p>Edla Maria Barreto Santos Oliveira<\/p>\n<p>Sandro Ferreira de Lima<\/p>\n<p><strong>Comiss\u00e3o de Inscri\u00e7\u00f5es<\/strong><\/p>\n<p><strong>\u00a0<\/strong>Elis\u00e2ngela Gatti<\/p>\n<p>Gustavo de Ara\u00fajo Sabry<\/p>\n<p>Martha Cavalcante Berti Sanjuan<\/p>\n<p><strong>\u00a0Comiss\u00e3o de Monitoria<\/strong><\/p>\n<p>Carla Moraes Pereira Nascimento<\/p>\n<p>Isaac da Silva Santos<\/p>\n<p><strong>\u00a0Comiss\u00e3o de Minicursos<\/strong><\/p>\n<p>Gabriela Marinho Maciel Santiago<\/p>\n<p>Luciano de Ara\u00fajo Pereira<\/p>\n<p>Patr\u00edcia Oliveira dos Santos<\/p>\n<p><strong>Comiss\u00e3o de Log\u00edstica<\/strong><\/p>\n<p>Bruno da Mata Rodrigues<\/p>\n<p>Johnathan da Silva Bonfim<\/p>\n<p>Luciana Carvalho Santos<\/p>\n<p><strong>Comiss\u00e3o de Cultura<\/strong><\/p>\n<p>Dislene Cardoso de Brito<\/p>\n<p>Gilson Antunes da Silva<\/p>\n<p>Nelma Cristina Silva Barbosa<\/p>\n","protected":false},"excerpt":{"rendered":"<p>III ENCONTRO DE MEIO AMBIENTE DO IF BAIANO &#8211; EMAIF Campus Valen\u00e7a \u00c1GUA- 20 Anos da Pol\u00edtica Nacional de Recursos H\u00eddricos: Desafios e Avan\u00e7os 06, 07 e 08 de junho de 2017 O III Encontro de Meio Ambiente (EMAIF) do IF Baiano &#8211; Campus Valen\u00e7a de abrang\u00eancia estadual tem por objetivo promover discuss\u00f5es em torno [&hellip;]<\/p>\n","protected":false},"author":62,"featured_media":0,"comment_status":"open","ping_status":"open","sticky":false,"template":"","format":"standard","meta":[],"categories":[4,5],"tags":[],"_links":{"self":[{"href":"https:\/\/www.ifbaiano.edu.br\/unidades\/valenca\/wp-json\/wp\/v2\/posts\/4676"}],"collection":[{"href":"https:\/\/www.ifbaiano.edu.br\/unidades\/valenca\/wp-json\/wp\/v2\/posts"}],"about":[{"href":"https:\/\/www.ifbaiano.edu.br\/unidades\/valenca\/wp-json\/wp\/v2\/types\/post"}],"author":[{"embeddable":true,"href":"https:\/\/www.ifbaiano.edu.br\/unidades\/valenca\/wp-json\/wp\/v2\/users\/62"}],"replies":[{"embeddable":true,"href":"https:\/\/www.ifbaiano.edu.br\/unidades\/valenca\/wp-json\/wp\/v2\/comments?post=4676"}],"version-history":[{"count":7,"href":"https:\/\/www.ifbaiano.edu.br\/unidades\/valenca\/wp-json\/wp\/v2\/posts\/4676\/revisions"}],"predecessor-version":[{"id":4720,"href":"https:\/\/www.ifbaiano.edu.br\/unidades\/valenca\/wp-json\/wp\/v2\/posts\/4676\/revisions\/4720"}],"wp:attachment":[{"href":"https:\/\/www.ifbaiano.edu.br\/unidades\/valenca\/wp-json\/wp\/v2\/media?parent=4676"}],"wp:term":[{"taxonomy":"category","embeddable":true,"href":"https:\/\/www.ifbaiano.edu.br\/unidades\/valenca\/wp-json\/wp\/v2\/categories?post=4676"},{"taxonomy":"post_tag","embeddable":true,"href":"https:\/\/www.ifbaiano.edu.br\/unidades\/valenca\/wp-json\/wp\/v2\/tags?post=4676"}],"curies":[{"name":"wp","href":"https:\/\/api.w.org\/{rel}","templated":true}]}}