{"id":4690,"date":"2017-05-04T17:53:21","date_gmt":"2017-05-04T17:53:21","guid":{"rendered":"http:\/\/www.ifbaiano.edu.br\/unidades\/valenca\/?p=4690"},"modified":"2017-05-04T17:53:21","modified_gmt":"2017-05-04T17:53:21","slug":"tomada-de-precos-no-012016","status":"publish","type":"post","link":"https:\/\/www.ifbaiano.edu.br\/unidades\/valenca\/2017\/05\/04\/tomada-de-precos-no-012016\/","title":{"rendered":"TOMADA DE PRE\u00c7OS N\u00ba 01\/2016"},"content":{"rendered":"<p style=\"text-align: justify\">O Instituto Federal Baiano \u2013 <em>Campus <\/em>Valen\u00e7a torna p\u00fablico, para conhecimento dos interessados, que realizar\u00e1 Tomada de Pre\u00e7os n\u00ba 01\/2016. Objeto: Contrata\u00e7\u00e3o de empresa especializada na execu\u00e7\u00e3o de reforma da quadra poliesportiva do Instituto Federal Baiano \u2013 Campus Valen\u00e7a, conforme as pe\u00e7as t\u00e9cnicas constantes no Instrumento Convocat\u00f3rio, o Edital encontra-se dispon\u00edvel na sede do\u00a0Campus e no s\u00edtio\u00a0 http:\/\/www.ifbaiano.edu.br\/unidades\/valenca. Sess\u00e3o de abertura: 23\/05\/2017, \u00e0s 09:00-hor\u00e1rio local, no audit\u00f3rio da sede do Instituto Federal Baiano \u2013 <em>Campus <\/em>Valen\u00e7a, localizado na Rua Glic\u00e9rio Tavares, s\/n, Bate Quente, Valen\u00e7a \u2013 BA.<\/p>\n<p style=\"text-align: center\">Daiana Silva Mamona Nascimento<\/p>\n<p style=\"text-align: center\">Presidente da Comiss\u00e3o<\/p>\n<p style=\"text-align: center\">IF Baiano \u2013 Valen\u00e7a<\/p>\n<p style=\"text-align: center\">\n<p style=\"text-align: left\"><a href=\"http:\/\/www.ifbaiano.edu.br\/unidades\/valenca\/files\/2017\/05\/EDITAL-E-ANEXOS.zip\">EDITAL E ANEXOS<\/a><\/p>\n","protected":false},"excerpt":{"rendered":"<p>O Instituto Federal Baiano \u2013 Campus Valen\u00e7a torna p\u00fablico, para conhecimento dos interessados, que realizar\u00e1 Tomada de Pre\u00e7os n\u00ba 01\/2016. Objeto: Contrata\u00e7\u00e3o de empresa especializada na execu\u00e7\u00e3o de reforma da quadra poliesportiva do Instituto Federal Baiano \u2013 Campus Valen\u00e7a, conforme as pe\u00e7as t\u00e9cnicas constantes no Instrumento Convocat\u00f3rio, o Edital encontra-se dispon\u00edvel na sede do\u00a0Campus e [&hellip;]<\/p>\n","protected":false},"author":62,"featured_media":0,"comment_status":"open","ping_status":"open","sticky":false,"template":"","format":"standard","meta":[],"categories":[33],"tags":[],"_links":{"self":[{"href":"https:\/\/www.ifbaiano.edu.br\/unidades\/valenca\/wp-json\/wp\/v2\/posts\/4690"}],"collection":[{"href":"https:\/\/www.ifbaiano.edu.br\/unidades\/valenca\/wp-json\/wp\/v2\/posts"}],"about":[{"href":"https:\/\/www.ifbaiano.edu.br\/unidades\/valenca\/wp-json\/wp\/v2\/types\/post"}],"author":[{"embeddable":true,"href":"https:\/\/www.ifbaiano.edu.br\/unidades\/valenca\/wp-json\/wp\/v2\/users\/62"}],"replies":[{"embeddable":true,"href":"https:\/\/www.ifbaiano.edu.br\/unidades\/valenca\/wp-json\/wp\/v2\/comments?post=4690"}],"version-history":[{"count":1,"href":"https:\/\/www.ifbaiano.edu.br\/unidades\/valenca\/wp-json\/wp\/v2\/posts\/4690\/revisions"}],"predecessor-version":[{"id":4692,"href":"https:\/\/www.ifbaiano.edu.br\/unidades\/valenca\/wp-json\/wp\/v2\/posts\/4690\/revisions\/4692"}],"wp:attachment":[{"href":"https:\/\/www.ifbaiano.edu.br\/unidades\/valenca\/wp-json\/wp\/v2\/media?parent=4690"}],"wp:term":[{"taxonomy":"category","embeddable":true,"href":"https:\/\/www.ifbaiano.edu.br\/unidades\/valenca\/wp-json\/wp\/v2\/categories?post=4690"},{"taxonomy":"post_tag","embeddable":true,"href":"https:\/\/www.ifbaiano.edu.br\/unidades\/valenca\/wp-json\/wp\/v2\/tags?post=4690"}],"curies":[{"name":"wp","href":"https:\/\/api.w.org\/{rel}","templated":true}]}}