{"id":4693,"date":"2017-05-09T19:26:07","date_gmt":"2017-05-09T19:26:07","guid":{"rendered":"http:\/\/www.ifbaiano.edu.br\/unidades\/valenca\/?p=4693"},"modified":"2017-06-12T12:14:57","modified_gmt":"2017-06-12T12:14:57","slug":"selecao-de-monitoria","status":"publish","type":"post","link":"https:\/\/www.ifbaiano.edu.br\/unidades\/valenca\/2017\/05\/09\/selecao-de-monitoria\/","title":{"rendered":"SELE\u00c7\u00c3O DE MONITORIA"},"content":{"rendered":"<p style=\"text-align: justify\"><a href=\"http:\/\/www.ifbaiano.edu.br\/unidades\/valenca\/files\/2017\/05\/banner-monitoria-2017-1.jpg\"><img decoding=\"async\" loading=\"lazy\" class=\"wp-image-4695 alignright\" src=\"http:\/\/www.ifbaiano.edu.br\/unidades\/valenca\/files\/2017\/05\/banner-monitoria-2017-1.jpg\" alt=\"banner-monitoria-2017-1\" width=\"368\" height=\"115\" \/><\/a>O Diretor Geral do Instituto Federal de Educa\u00e7\u00e3o, Ci\u00eancia e Tecnologia Baiano \u2013 IF Baiano \u2013 <em>campus<\/em> Valen\u00e7a, no uso de suas atribui\u00e7\u00f5es legais, conforme lhe confere a portaria n\u00b0 335 de 18 de mar\u00e7o de 2014, publicada no DOU de 19 de mar\u00e7o de 2014, combinado com o que disp\u00f5es a lei n\u00b0 8.112\/90, em conformidade com a RESOLU\u00c7\u00c3O N.\u00ba 08, DE 30 DE MAR\u00c7O 2016\/CONSUP\/IF Baiano e mediante normas dispostas no Edital PROEN\/IF BAIANO N\u00ba. 01\/2017 de 07 de abril de 2017 resolve tornar p\u00fablico o presente <a href=\"http:\/\/www.ifbaiano.edu.br\/unidades\/valenca\/files\/2017\/05\/EDITAL-DE-MONITORIA-2017.pdf\">EDITAL DE MONITORIA 2017<\/a>.<\/p>\n<p style=\"text-align: justify\"><a href=\"http:\/\/www.ifbaiano.edu.br\/unidades\/valenca\/files\/2017\/05\/Errata-edital-de-monitoria.pdf\">ERRATA 01<\/a><\/p>\n<p style=\"text-align: justify\"><a href=\"http:\/\/www.ifbaiano.edu.br\/unidades\/valenca\/files\/2017\/06\/EDITAL-DE-MONITORIA-INSCRITOS1.pdf\">EDITAL DE MONITORIA &#8211; INSCRITOS<\/a><\/p>\n<p style=\"text-align: justify\"><a href=\"http:\/\/www.ifbaiano.edu.br\/unidades\/valenca\/files\/2017\/06\/EDITAL-DE-MONITORIA-HOR\u00c1RIO.pdf\">EDITAL DE MONITORIA &#8211; HOR\u00c1RIO<\/a><\/p>\n<p style=\"text-align: justify\"><a href=\"http:\/\/www.ifbaiano.edu.br\/unidades\/valenca\/files\/2017\/05\/Resultado-Monitoria.pdf\">Resultado Monitoria<\/a><\/p>\n<p style=\"text-align: justify\">\n","protected":false},"excerpt":{"rendered":"<p>O Diretor Geral do Instituto Federal de Educa\u00e7\u00e3o, Ci\u00eancia e Tecnologia Baiano \u2013 IF Baiano \u2013 campus Valen\u00e7a, no uso de suas atribui\u00e7\u00f5es legais, conforme lhe confere a portaria n\u00b0 335 de 18 de mar\u00e7o de 2014, publicada no DOU de 19 de mar\u00e7o de 2014, combinado com o que disp\u00f5es a lei n\u00b0 8.112\/90, [&hellip;]<\/p>\n","protected":false},"author":62,"featured_media":4695,"comment_status":"open","ping_status":"open","sticky":false,"template":"","format":"standard","meta":[],"categories":[4,5],"tags":[],"_links":{"self":[{"href":"https:\/\/www.ifbaiano.edu.br\/unidades\/valenca\/wp-json\/wp\/v2\/posts\/4693"}],"collection":[{"href":"https:\/\/www.ifbaiano.edu.br\/unidades\/valenca\/wp-json\/wp\/v2\/posts"}],"about":[{"href":"https:\/\/www.ifbaiano.edu.br\/unidades\/valenca\/wp-json\/wp\/v2\/types\/post"}],"author":[{"embeddable":true,"href":"https:\/\/www.ifbaiano.edu.br\/unidades\/valenca\/wp-json\/wp\/v2\/users\/62"}],"replies":[{"embeddable":true,"href":"https:\/\/www.ifbaiano.edu.br\/unidades\/valenca\/wp-json\/wp\/v2\/comments?post=4693"}],"version-history":[{"count":7,"href":"https:\/\/www.ifbaiano.edu.br\/unidades\/valenca\/wp-json\/wp\/v2\/posts\/4693\/revisions"}],"predecessor-version":[{"id":4742,"href":"https:\/\/www.ifbaiano.edu.br\/unidades\/valenca\/wp-json\/wp\/v2\/posts\/4693\/revisions\/4742"}],"wp:featuredmedia":[{"embeddable":true,"href":"https:\/\/www.ifbaiano.edu.br\/unidades\/valenca\/wp-json\/wp\/v2\/media\/4695"}],"wp:attachment":[{"href":"https:\/\/www.ifbaiano.edu.br\/unidades\/valenca\/wp-json\/wp\/v2\/media?parent=4693"}],"wp:term":[{"taxonomy":"category","embeddable":true,"href":"https:\/\/www.ifbaiano.edu.br\/unidades\/valenca\/wp-json\/wp\/v2\/categories?post=4693"},{"taxonomy":"post_tag","embeddable":true,"href":"https:\/\/www.ifbaiano.edu.br\/unidades\/valenca\/wp-json\/wp\/v2\/tags?post=4693"}],"curies":[{"name":"wp","href":"https:\/\/api.w.org\/{rel}","templated":true}]}}