{"id":4708,"date":"2017-05-22T17:25:21","date_gmt":"2017-05-22T17:25:21","guid":{"rendered":"http:\/\/www.ifbaiano.edu.br\/unidades\/valenca\/?p=4708"},"modified":"2018-07-03T19:47:50","modified_gmt":"2018-07-03T19:47:50","slug":"sabores-quilombolas-do-baixo-sul","status":"publish","type":"post","link":"https:\/\/www.ifbaiano.edu.br\/unidades\/valenca\/2017\/05\/22\/sabores-quilombolas-do-baixo-sul\/","title":{"rendered":"SABORES QUILOMBOLAS DO BAIXO SUL"},"content":{"rendered":"<p style=\"text-align: justify\"><i>Sabores quilombolas do Baixo Sul<\/i> \u00e9 produto do projeto de pesquisa \u201cCOZINHA QUILOMBOLA: Resgate de Receitas Tradicionais em Comunidades Quilombolas do Baixo Sul da Bahia\u201d desenvolvido no \u00e2mbito do Programa Primeiros Projetos do Instituto Federal de Educa\u00e7\u00e3o, Ci\u00eancia e Tecnologia Baiano. O projeto foi desenvolvido em comunidades quilombolas reconhecidas pela Funda\u00e7\u00e3o Palmares em munic\u00edpios do Baixo Sul da Bahia e objetivou investigar aspectos da culin\u00e1ria de comunidades tradicionais.<\/p>\n<p style=\"text-align: justify\">Este trabalho objetiva levantar receitas que fazem parte da mem\u00f3ria das comunidades visitadas, n\u00e3o buscando \u2013 necessariamente \u2013 pratos end\u00eamicos, mas sim indica\u00e7\u00f5es que foram passadas de gera\u00e7\u00e3o em gera\u00e7\u00e3o, registrando os modos de fazer ligados \u00e0 identidade daqueles lugares. A escolha das receitas ficou a cargo dos moradores, geralmente por meio de decis\u00e3o coletiva. A participa\u00e7\u00e3o dos pesquisadores deu-se atrav\u00e9s de orienta\u00e7\u00e3o, visando trazer pratos que refletissem a identidade quilombola de cada localidade, permitindo a valoriza\u00e7\u00e3o desses grupos \u00e9tnicos, bem como o seu fortalecimento identit\u00e1rio.<\/p>\n<p style=\"text-align: justify\">Al\u00e9m de trazer reflexos da culin\u00e1ria de cinco comunidades quilombolas do Baixo Sul Baiano, este livreto cont\u00e9m, ainda, um breve texto que apresenta alguns de seus aspectos geogr\u00e1ficos, sociais e culturais. Cont\u00e9m ainda fotografias que buscam registrar elementos que refletem a identidade de cada lugar.<\/p>\n<p align=\"right\">Os Autores<\/p>\n<p style=\"text-align: justify\" align=\"right\"><a href=\"http:\/\/www.ifbaiano.edu.br\/unidades\/valenca\/files\/2017\/06\/Sabores-quilombolas-do-Baixo-Sul-FINAL.pdf\">Sabores quilombolas do Baixo Sul &#8211; Publica\u00e7\u00e3o<\/a><\/p>\n","protected":false},"excerpt":{"rendered":"<p>Sabores quilombolas do Baixo Sul \u00e9 produto do projeto de pesquisa \u201cCOZINHA QUILOMBOLA: Resgate de Receitas Tradicionais em Comunidades Quilombolas do Baixo Sul da Bahia\u201d desenvolvido no \u00e2mbito do Programa Primeiros Projetos do Instituto Federal de Educa\u00e7\u00e3o, Ci\u00eancia e Tecnologia Baiano. O projeto foi desenvolvido em comunidades quilombolas reconhecidas pela Funda\u00e7\u00e3o Palmares em munic\u00edpios do [&hellip;]<\/p>\n","protected":false},"author":62,"featured_media":0,"comment_status":"open","ping_status":"open","sticky":false,"template":"","format":"standard","meta":[],"categories":[1],"tags":[],"_links":{"self":[{"href":"https:\/\/www.ifbaiano.edu.br\/unidades\/valenca\/wp-json\/wp\/v2\/posts\/4708"}],"collection":[{"href":"https:\/\/www.ifbaiano.edu.br\/unidades\/valenca\/wp-json\/wp\/v2\/posts"}],"about":[{"href":"https:\/\/www.ifbaiano.edu.br\/unidades\/valenca\/wp-json\/wp\/v2\/types\/post"}],"author":[{"embeddable":true,"href":"https:\/\/www.ifbaiano.edu.br\/unidades\/valenca\/wp-json\/wp\/v2\/users\/62"}],"replies":[{"embeddable":true,"href":"https:\/\/www.ifbaiano.edu.br\/unidades\/valenca\/wp-json\/wp\/v2\/comments?post=4708"}],"version-history":[{"count":3,"href":"https:\/\/www.ifbaiano.edu.br\/unidades\/valenca\/wp-json\/wp\/v2\/posts\/4708\/revisions"}],"predecessor-version":[{"id":4745,"href":"https:\/\/www.ifbaiano.edu.br\/unidades\/valenca\/wp-json\/wp\/v2\/posts\/4708\/revisions\/4745"}],"wp:attachment":[{"href":"https:\/\/www.ifbaiano.edu.br\/unidades\/valenca\/wp-json\/wp\/v2\/media?parent=4708"}],"wp:term":[{"taxonomy":"category","embeddable":true,"href":"https:\/\/www.ifbaiano.edu.br\/unidades\/valenca\/wp-json\/wp\/v2\/categories?post=4708"},{"taxonomy":"post_tag","embeddable":true,"href":"https:\/\/www.ifbaiano.edu.br\/unidades\/valenca\/wp-json\/wp\/v2\/tags?post=4708"}],"curies":[{"name":"wp","href":"https:\/\/api.w.org\/{rel}","templated":true}]}}