{"id":4714,"date":"2017-05-23T20:08:48","date_gmt":"2017-05-23T20:08:48","guid":{"rendered":"http:\/\/www.ifbaiano.edu.br\/unidades\/valenca\/?p=4714"},"modified":"2017-05-23T20:08:48","modified_gmt":"2017-05-23T20:08:48","slug":"resultado-da-tomada-de-preco-012016","status":"publish","type":"post","link":"https:\/\/www.ifbaiano.edu.br\/unidades\/valenca\/2017\/05\/23\/resultado-da-tomada-de-preco-012016\/","title":{"rendered":"Resultado da Tomada de Pre\u00e7o 01\/2016"},"content":{"rendered":"<p style=\"text-align: center\"><strong>INSTITUTO FEDERAL BAIANO<\/strong><\/p>\n<p style=\"text-align: center\"><strong>CAMPUS VALEN\u00c7A<\/strong><\/p>\n<p style=\"text-align: center\">\u00a0<strong><u>Resultado de Julgamento<\/u><\/strong><\/p>\n<p style=\"text-align: justify\">A Comiss\u00e3o Especial de Licita\u00e7\u00e3o do Instituto Federal Baiano \u2013 Campus Valen\u00e7a, constitu\u00edda atrav\u00e9s da portaria n\u00ba 44 de 10\/10\/2016, comunica aos interessados o resultado do julgamento da fase de Habilita\u00e7\u00e3o da Tomada de Pre\u00e7os 01\/2016, que tem como objeto a contrata\u00e7\u00e3o de empresa especializada na reforma de uma quadra poliesportiva, mediante o regime de empreitada por pre\u00e7o unit\u00e1rio. Empresa: ADNS CONSTRU\u00c7\u00d5ES LTDA-ME, CNPJ: 19.391.265\/0001-96. Situa\u00e7\u00e3o: Inabilitada por n\u00e3o atender aos seguintes itens do Edital: 7.11.2, 7.12.3, 7.14.1 e 7.14.2. A partir dessa publica\u00e7\u00e3o fica aberto o prazo de 5(cinco) dias \u00fateis para interposi\u00e7\u00e3o de recursos por parte dos interessados. O processo encontra-se \u00e0 disposi\u00e7\u00e3o na sede do Campus, localizada na Rua Glic\u00e9rio Tavares, s\/n, Bate Quente, Cep: 45.400-000.Detalhamento da Ata no site www.comprasgovernamentais.gov.br. UASG: 154579.<\/p>\n<p style=\"text-align: center\">\n<p style=\"text-align: center\"><strong>Comiss\u00e3o Especial de Licita\u00e7\u00e3o<\/strong><\/p>\n<p>&nbsp;<\/p>\n","protected":false},"excerpt":{"rendered":"<p>INSTITUTO FEDERAL BAIANO CAMPUS VALEN\u00c7A \u00a0Resultado de Julgamento A Comiss\u00e3o Especial de Licita\u00e7\u00e3o do Instituto Federal Baiano \u2013 Campus Valen\u00e7a, constitu\u00edda atrav\u00e9s da portaria n\u00ba 44 de 10\/10\/2016, comunica aos interessados o resultado do julgamento da fase de Habilita\u00e7\u00e3o da Tomada de Pre\u00e7os 01\/2016, que tem como objeto a contrata\u00e7\u00e3o de empresa especializada na reforma [&hellip;]<\/p>\n","protected":false},"author":62,"featured_media":0,"comment_status":"open","ping_status":"open","sticky":false,"template":"","format":"standard","meta":[],"categories":[4],"tags":[],"_links":{"self":[{"href":"https:\/\/www.ifbaiano.edu.br\/unidades\/valenca\/wp-json\/wp\/v2\/posts\/4714"}],"collection":[{"href":"https:\/\/www.ifbaiano.edu.br\/unidades\/valenca\/wp-json\/wp\/v2\/posts"}],"about":[{"href":"https:\/\/www.ifbaiano.edu.br\/unidades\/valenca\/wp-json\/wp\/v2\/types\/post"}],"author":[{"embeddable":true,"href":"https:\/\/www.ifbaiano.edu.br\/unidades\/valenca\/wp-json\/wp\/v2\/users\/62"}],"replies":[{"embeddable":true,"href":"https:\/\/www.ifbaiano.edu.br\/unidades\/valenca\/wp-json\/wp\/v2\/comments?post=4714"}],"version-history":[{"count":1,"href":"https:\/\/www.ifbaiano.edu.br\/unidades\/valenca\/wp-json\/wp\/v2\/posts\/4714\/revisions"}],"predecessor-version":[{"id":4715,"href":"https:\/\/www.ifbaiano.edu.br\/unidades\/valenca\/wp-json\/wp\/v2\/posts\/4714\/revisions\/4715"}],"wp:attachment":[{"href":"https:\/\/www.ifbaiano.edu.br\/unidades\/valenca\/wp-json\/wp\/v2\/media?parent=4714"}],"wp:term":[{"taxonomy":"category","embeddable":true,"href":"https:\/\/www.ifbaiano.edu.br\/unidades\/valenca\/wp-json\/wp\/v2\/categories?post=4714"},{"taxonomy":"post_tag","embeddable":true,"href":"https:\/\/www.ifbaiano.edu.br\/unidades\/valenca\/wp-json\/wp\/v2\/tags?post=4714"}],"curies":[{"name":"wp","href":"https:\/\/api.w.org\/{rel}","templated":true}]}}