{"id":4716,"date":"2017-05-23T20:22:32","date_gmt":"2017-05-23T20:22:32","guid":{"rendered":"http:\/\/www.ifbaiano.edu.br\/unidades\/valenca\/?p=4716"},"modified":"2017-05-23T20:22:32","modified_gmt":"2017-05-23T20:22:32","slug":"lista-parcial-dos-trabalhos-aceitos-para-o-iii-emaif","status":"publish","type":"post","link":"https:\/\/www.ifbaiano.edu.br\/unidades\/valenca\/2017\/05\/23\/lista-parcial-dos-trabalhos-aceitos-para-o-iii-emaif\/","title":{"rendered":"LISTA PARCIAL dos Trabalhos aceitos para o III EMAIF"},"content":{"rendered":"<p>Com prazer que iniciamos a publica\u00e7\u00e3o dos trabalhos aprovados para o nosso III EMAIF.<br \/>\nEm at\u00e9 48 horas publicaremos a lista final de todos os trabalhos aprovados.<\/p>\n<p><a href=\"http:\/\/www.ifbaiano.edu.br\/unidades\/valenca\/files\/2017\/05\/LISTA-PARCIAL-DE-TRABALHOS-APROVADOS.pdf\">LISTA PARCIAL DE TRABALHOS APROVADOS<\/a><\/p>\n","protected":false},"excerpt":{"rendered":"<p>Com prazer que iniciamos a publica\u00e7\u00e3o dos trabalhos aprovados para o nosso III EMAIF. Em at\u00e9 48 horas publicaremos a lista final de todos os trabalhos aprovados. LISTA PARCIAL DE TRABALHOS APROVADOS<\/p>\n","protected":false},"author":62,"featured_media":0,"comment_status":"open","ping_status":"open","sticky":false,"template":"","format":"standard","meta":[],"categories":[4],"tags":[],"_links":{"self":[{"href":"https:\/\/www.ifbaiano.edu.br\/unidades\/valenca\/wp-json\/wp\/v2\/posts\/4716"}],"collection":[{"href":"https:\/\/www.ifbaiano.edu.br\/unidades\/valenca\/wp-json\/wp\/v2\/posts"}],"about":[{"href":"https:\/\/www.ifbaiano.edu.br\/unidades\/valenca\/wp-json\/wp\/v2\/types\/post"}],"author":[{"embeddable":true,"href":"https:\/\/www.ifbaiano.edu.br\/unidades\/valenca\/wp-json\/wp\/v2\/users\/62"}],"replies":[{"embeddable":true,"href":"https:\/\/www.ifbaiano.edu.br\/unidades\/valenca\/wp-json\/wp\/v2\/comments?post=4716"}],"version-history":[{"count":1,"href":"https:\/\/www.ifbaiano.edu.br\/unidades\/valenca\/wp-json\/wp\/v2\/posts\/4716\/revisions"}],"predecessor-version":[{"id":4718,"href":"https:\/\/www.ifbaiano.edu.br\/unidades\/valenca\/wp-json\/wp\/v2\/posts\/4716\/revisions\/4718"}],"wp:attachment":[{"href":"https:\/\/www.ifbaiano.edu.br\/unidades\/valenca\/wp-json\/wp\/v2\/media?parent=4716"}],"wp:term":[{"taxonomy":"category","embeddable":true,"href":"https:\/\/www.ifbaiano.edu.br\/unidades\/valenca\/wp-json\/wp\/v2\/categories?post=4716"},{"taxonomy":"post_tag","embeddable":true,"href":"https:\/\/www.ifbaiano.edu.br\/unidades\/valenca\/wp-json\/wp\/v2\/tags?post=4716"}],"curies":[{"name":"wp","href":"https:\/\/api.w.org\/{rel}","templated":true}]}}