{"id":4751,"date":"2017-06-16T20:22:49","date_gmt":"2017-06-16T20:22:49","guid":{"rendered":"http:\/\/www.ifbaiano.edu.br\/unidades\/valenca\/?p=4751"},"modified":"2017-06-16T20:22:49","modified_gmt":"2017-06-16T20:22:49","slug":"relacao-dos-candidatos-inscritos-do-processo-seletivo-simplificado","status":"publish","type":"post","link":"https:\/\/www.ifbaiano.edu.br\/unidades\/valenca\/2017\/06\/16\/relacao-dos-candidatos-inscritos-do-processo-seletivo-simplificado\/","title":{"rendered":"Rela\u00e7\u00e3o dos Candidatos Inscritos do Processo Seletivo Simplificado"},"content":{"rendered":"<p>A Comiss\u00e3o Organizadora do Processo Seletivo Simplificado para contrata\u00e7\u00e3o de Professores Substitutos, no uso das suas atribui\u00e7\u00f5es, torna p\u00fablico a Rela\u00e7\u00e3o dos Candidatos Inscritos, de acordo com o Edital n\u00b0 47\/2017.<\/p>\n<p><a href=\"http:\/\/www.ifbaiano.edu.br\/unidades\/valenca\/files\/2017\/06\/RELA\u00c7\u00c3O-DE-CANDIDATOS-INSCRITOS.pdf\">RELA\u00c7\u00c3O DE CANDIDATOS INSCRITOS<\/a><br \/>\nGrata,<br \/>\nComiss\u00e3o Organizadora<\/p>\n","protected":false},"excerpt":{"rendered":"<p>A Comiss\u00e3o Organizadora do Processo Seletivo Simplificado para contrata\u00e7\u00e3o de Professores Substitutos, no uso das suas atribui\u00e7\u00f5es, torna p\u00fablico a Rela\u00e7\u00e3o dos Candidatos Inscritos, de acordo com o Edital n\u00b0 47\/2017. RELA\u00c7\u00c3O DE CANDIDATOS INSCRITOS Grata, Comiss\u00e3o Organizadora<\/p>\n","protected":false},"author":62,"featured_media":0,"comment_status":"open","ping_status":"open","sticky":false,"template":"","format":"standard","meta":[],"categories":[5],"tags":[],"_links":{"self":[{"href":"https:\/\/www.ifbaiano.edu.br\/unidades\/valenca\/wp-json\/wp\/v2\/posts\/4751"}],"collection":[{"href":"https:\/\/www.ifbaiano.edu.br\/unidades\/valenca\/wp-json\/wp\/v2\/posts"}],"about":[{"href":"https:\/\/www.ifbaiano.edu.br\/unidades\/valenca\/wp-json\/wp\/v2\/types\/post"}],"author":[{"embeddable":true,"href":"https:\/\/www.ifbaiano.edu.br\/unidades\/valenca\/wp-json\/wp\/v2\/users\/62"}],"replies":[{"embeddable":true,"href":"https:\/\/www.ifbaiano.edu.br\/unidades\/valenca\/wp-json\/wp\/v2\/comments?post=4751"}],"version-history":[{"count":1,"href":"https:\/\/www.ifbaiano.edu.br\/unidades\/valenca\/wp-json\/wp\/v2\/posts\/4751\/revisions"}],"predecessor-version":[{"id":4753,"href":"https:\/\/www.ifbaiano.edu.br\/unidades\/valenca\/wp-json\/wp\/v2\/posts\/4751\/revisions\/4753"}],"wp:attachment":[{"href":"https:\/\/www.ifbaiano.edu.br\/unidades\/valenca\/wp-json\/wp\/v2\/media?parent=4751"}],"wp:term":[{"taxonomy":"category","embeddable":true,"href":"https:\/\/www.ifbaiano.edu.br\/unidades\/valenca\/wp-json\/wp\/v2\/categories?post=4751"},{"taxonomy":"post_tag","embeddable":true,"href":"https:\/\/www.ifbaiano.edu.br\/unidades\/valenca\/wp-json\/wp\/v2\/tags?post=4751"}],"curies":[{"name":"wp","href":"https:\/\/api.w.org\/{rel}","templated":true}]}}