{"id":4756,"date":"2017-06-20T20:27:30","date_gmt":"2017-06-20T20:27:30","guid":{"rendered":"http:\/\/www.ifbaiano.edu.br\/unidades\/valenca\/?p=4756"},"modified":"2017-06-21T17:51:47","modified_gmt":"2017-06-21T17:51:47","slug":"relacao-dos-candidatos-inscritos-do-processo-seletivo-simplificado-2","status":"publish","type":"post","link":"https:\/\/www.ifbaiano.edu.br\/unidades\/valenca\/2017\/06\/20\/relacao-dos-candidatos-inscritos-do-processo-seletivo-simplificado-2\/","title":{"rendered":"Rela\u00e7\u00e3o dos Candidatos Inscritos do Processo Seletivo Simplificado"},"content":{"rendered":"<p style=\"text-align: justify\">A Comiss\u00e3o Organizadora do Processo Seletivo Simplificado para contrata\u00e7\u00e3o de Professores Substitutos, no uso das suas atribui\u00e7\u00f5es, torna p\u00fablico a Rela\u00e7\u00e3o Definitiva dos Candidatos Inscritos, de acordo com o Edital n\u00b0 47\/2017.<br \/>\nConforme definido no item <strong>4.1.2.2.<\/strong> do Edital, as inscri\u00e7\u00f5es via internet somente ser\u00e3o validadas com a apresenta\u00e7\u00e3o da documenta\u00e7\u00e3o original, no dia \u00a0<strong>26 de junho de 2017<\/strong>, no ato do sorteio do ponto da Prova de Desempenho Did\u00e1tico.<br \/>\nO sorteio do ponto da Prova de Desempenho Did\u00e1tico ocorrer\u00e1 \u00e0s<strong> 08h<\/strong> no <strong>Audit\u00f3rio<\/strong> do Campus. Ser\u00e1 eliminado o candidato que n\u00e3o comparecer ao sorteio no hor\u00e1rio determinado ou que n\u00e3o atender \u00e0 Habilita\u00e7\u00e3o m\u00ednima exigida no Edital.<\/p>\n<p style=\"text-align: justify\"><strong><span style=\"text-decoration: underline\"><a href=\"http:\/\/www.ifbaiano.edu.br\/unidades\/valenca\/files\/2017\/06\/RELA\u00c7\u00c3O-DEFINITIVA-DE-CANDIDATOS-INSCRITOS-Publica\u00e7\u00e3o.pdf\">Rela\u00e7\u00e3o Definitiva de Candidatos Inscritos<\/a><\/span><\/strong><\/p>\n","protected":false},"excerpt":{"rendered":"<p>A Comiss\u00e3o Organizadora do Processo Seletivo Simplificado para contrata\u00e7\u00e3o de Professores Substitutos, no uso das suas atribui\u00e7\u00f5es, torna p\u00fablico a Rela\u00e7\u00e3o Definitiva dos Candidatos Inscritos, de acordo com o Edital n\u00b0 47\/2017. Conforme definido no item 4.1.2.2. do Edital, as inscri\u00e7\u00f5es via internet somente ser\u00e3o validadas com a apresenta\u00e7\u00e3o da documenta\u00e7\u00e3o original, no dia \u00a026 [&hellip;]<\/p>\n","protected":false},"author":62,"featured_media":0,"comment_status":"open","ping_status":"open","sticky":false,"template":"","format":"standard","meta":[],"categories":[5],"tags":[],"_links":{"self":[{"href":"https:\/\/www.ifbaiano.edu.br\/unidades\/valenca\/wp-json\/wp\/v2\/posts\/4756"}],"collection":[{"href":"https:\/\/www.ifbaiano.edu.br\/unidades\/valenca\/wp-json\/wp\/v2\/posts"}],"about":[{"href":"https:\/\/www.ifbaiano.edu.br\/unidades\/valenca\/wp-json\/wp\/v2\/types\/post"}],"author":[{"embeddable":true,"href":"https:\/\/www.ifbaiano.edu.br\/unidades\/valenca\/wp-json\/wp\/v2\/users\/62"}],"replies":[{"embeddable":true,"href":"https:\/\/www.ifbaiano.edu.br\/unidades\/valenca\/wp-json\/wp\/v2\/comments?post=4756"}],"version-history":[{"count":3,"href":"https:\/\/www.ifbaiano.edu.br\/unidades\/valenca\/wp-json\/wp\/v2\/posts\/4756\/revisions"}],"predecessor-version":[{"id":4760,"href":"https:\/\/www.ifbaiano.edu.br\/unidades\/valenca\/wp-json\/wp\/v2\/posts\/4756\/revisions\/4760"}],"wp:attachment":[{"href":"https:\/\/www.ifbaiano.edu.br\/unidades\/valenca\/wp-json\/wp\/v2\/media?parent=4756"}],"wp:term":[{"taxonomy":"category","embeddable":true,"href":"https:\/\/www.ifbaiano.edu.br\/unidades\/valenca\/wp-json\/wp\/v2\/categories?post=4756"},{"taxonomy":"post_tag","embeddable":true,"href":"https:\/\/www.ifbaiano.edu.br\/unidades\/valenca\/wp-json\/wp\/v2\/tags?post=4756"}],"curies":[{"name":"wp","href":"https:\/\/api.w.org\/{rel}","templated":true}]}}