{"id":4762,"date":"2017-07-04T17:11:07","date_gmt":"2017-07-04T17:11:07","guid":{"rendered":"http:\/\/www.ifbaiano.edu.br\/unidades\/valenca\/?p=4762"},"modified":"2017-07-04T17:11:07","modified_gmt":"2017-07-04T17:11:07","slug":"retificacao-do-cronograma-do-processo-seletivo-simplificado","status":"publish","type":"post","link":"https:\/\/www.ifbaiano.edu.br\/unidades\/valenca\/2017\/07\/04\/retificacao-do-cronograma-do-processo-seletivo-simplificado\/","title":{"rendered":"Retifica\u00e7\u00e3o do Cronograma do Processo Seletivo Simplificado"},"content":{"rendered":"<p style=\"text-align: justify\">A Comiss\u00e3o Organizadora do Processo Seletivo Simplificado para contrata\u00e7\u00e3o de Professores Substitutos, no uso das suas atribui\u00e7\u00f5es, torna p\u00fablico a Retifica\u00e7\u00e3o do Cronograma do Processo Seletivo Simplificado.<br \/>\nAten\u00e7\u00e3o para as novas datas:<\/p>\n<p>RESULTADO PRELIMINAR DA PROVA DESEMPENHO DID\u00c1TICO E DA PROVA DE T\u00cdTULOS: <span id=\"OBJ_PREFIX_DWT1768_com_zimbra_date\" class=\"Object\"><span id=\"OBJ_PREFIX_DWT1769_com_zimbra_date\" class=\"Object\"><span id=\"OBJ_PREFIX_DWT1774_com_zimbra_date\" class=\"Object\">05\/07\/2017<\/span><\/span><\/span><\/p>\n<p>INTERPOSI\u00c7\u00c3O DE RECURSOS RELATIVO AO RESULTADO PRELIMINAR DA PROVA DESEMPENHO DID\u00c1TICO E DA PROVA DE T\u00cdTULOS: <span id=\"OBJ_PREFIX_DWT1770_com_zimbra_date\" class=\"Object\"><span id=\"OBJ_PREFIX_DWT1771_com_zimbra_date\" class=\"Object\"><span id=\"OBJ_PREFIX_DWT1775_com_zimbra_date\" class=\"Object\">06\/07\/2017<\/span><\/span><\/span><\/p>\n<p>RESULTADO DEFINITIVO DA PROVA DESEMPENHO DID\u00c1TICO E DA PROVA DE T\u00cdTULOS: <span id=\"OBJ_PREFIX_DWT1772_com_zimbra_date\" class=\"Object\"><span id=\"OBJ_PREFIX_DWT1773_com_zimbra_date\" class=\"Object\"><span id=\"OBJ_PREFIX_DWT1776_com_zimbra_date\" class=\"Object\">07\/07\/2017<\/span><\/span><\/span><\/p>\n<p style=\"text-align: justify\"><a href=\"http:\/\/www.ifbaiano.edu.br\/unidades\/valenca\/files\/2017\/07\/Edital-47-Retifica\u00e7\u00e3o-do-Cronograma-Campus-Valen\u00e7a.pdf\">Edital 47 &#8211; Retifica\u00e7\u00e3o do Cronograma &#8211; Campus Valen\u00e7a<\/a><\/p>\n","protected":false},"excerpt":{"rendered":"<p>A Comiss\u00e3o Organizadora do Processo Seletivo Simplificado para contrata\u00e7\u00e3o de Professores Substitutos, no uso das suas atribui\u00e7\u00f5es, torna p\u00fablico a Retifica\u00e7\u00e3o do Cronograma do Processo Seletivo Simplificado. Aten\u00e7\u00e3o para as novas datas: RESULTADO PRELIMINAR DA PROVA DESEMPENHO DID\u00c1TICO E DA PROVA DE T\u00cdTULOS: 05\/07\/2017 INTERPOSI\u00c7\u00c3O DE RECURSOS RELATIVO AO RESULTADO PRELIMINAR DA PROVA DESEMPENHO DID\u00c1TICO [&hellip;]<\/p>\n","protected":false},"author":62,"featured_media":0,"comment_status":"open","ping_status":"open","sticky":false,"template":"","format":"standard","meta":[],"categories":[5],"tags":[],"_links":{"self":[{"href":"https:\/\/www.ifbaiano.edu.br\/unidades\/valenca\/wp-json\/wp\/v2\/posts\/4762"}],"collection":[{"href":"https:\/\/www.ifbaiano.edu.br\/unidades\/valenca\/wp-json\/wp\/v2\/posts"}],"about":[{"href":"https:\/\/www.ifbaiano.edu.br\/unidades\/valenca\/wp-json\/wp\/v2\/types\/post"}],"author":[{"embeddable":true,"href":"https:\/\/www.ifbaiano.edu.br\/unidades\/valenca\/wp-json\/wp\/v2\/users\/62"}],"replies":[{"embeddable":true,"href":"https:\/\/www.ifbaiano.edu.br\/unidades\/valenca\/wp-json\/wp\/v2\/comments?post=4762"}],"version-history":[{"count":1,"href":"https:\/\/www.ifbaiano.edu.br\/unidades\/valenca\/wp-json\/wp\/v2\/posts\/4762\/revisions"}],"predecessor-version":[{"id":4765,"href":"https:\/\/www.ifbaiano.edu.br\/unidades\/valenca\/wp-json\/wp\/v2\/posts\/4762\/revisions\/4765"}],"wp:attachment":[{"href":"https:\/\/www.ifbaiano.edu.br\/unidades\/valenca\/wp-json\/wp\/v2\/media?parent=4762"}],"wp:term":[{"taxonomy":"category","embeddable":true,"href":"https:\/\/www.ifbaiano.edu.br\/unidades\/valenca\/wp-json\/wp\/v2\/categories?post=4762"},{"taxonomy":"post_tag","embeddable":true,"href":"https:\/\/www.ifbaiano.edu.br\/unidades\/valenca\/wp-json\/wp\/v2\/tags?post=4762"}],"curies":[{"name":"wp","href":"https:\/\/api.w.org\/{rel}","templated":true}]}}