{"id":4766,"date":"2017-07-05T18:47:30","date_gmt":"2017-07-05T18:47:30","guid":{"rendered":"http:\/\/www.ifbaiano.edu.br\/unidades\/valenca\/?p=4766"},"modified":"2017-07-05T18:47:30","modified_gmt":"2017-07-05T18:47:30","slug":"resultado-preliminar-do-processo-seletivo-simplificado","status":"publish","type":"post","link":"https:\/\/www.ifbaiano.edu.br\/unidades\/valenca\/2017\/07\/05\/resultado-preliminar-do-processo-seletivo-simplificado\/","title":{"rendered":"Resultado Preliminar do Processo Seletivo Simplificado"},"content":{"rendered":"<p>A Comiss\u00e3o Organizadora do Processo Seletivo Simplificado para contrata\u00e7\u00e3o de Professores Substitutos, no uso das suas atribui\u00e7\u00f5es, torna p\u00fablico o Resultado Preliminar do Processo Seletivo Simplificado.<\/p>\n<p><a href=\"http:\/\/www.ifbaiano.edu.br\/unidades\/valenca\/files\/2017\/07\/Resultado-Preliminar-Classifica\u00e7\u00e3o-dos-Candidatos.pdf\">Resultado Preliminar &#8211; Classifica\u00e7\u00e3o dos Candidatos<\/a><\/p>\n","protected":false},"excerpt":{"rendered":"<p>A Comiss\u00e3o Organizadora do Processo Seletivo Simplificado para contrata\u00e7\u00e3o de Professores Substitutos, no uso das suas atribui\u00e7\u00f5es, torna p\u00fablico o Resultado Preliminar do Processo Seletivo Simplificado. Resultado Preliminar &#8211; Classifica\u00e7\u00e3o dos Candidatos<\/p>\n","protected":false},"author":62,"featured_media":0,"comment_status":"open","ping_status":"open","sticky":false,"template":"","format":"standard","meta":[],"categories":[5],"tags":[],"_links":{"self":[{"href":"https:\/\/www.ifbaiano.edu.br\/unidades\/valenca\/wp-json\/wp\/v2\/posts\/4766"}],"collection":[{"href":"https:\/\/www.ifbaiano.edu.br\/unidades\/valenca\/wp-json\/wp\/v2\/posts"}],"about":[{"href":"https:\/\/www.ifbaiano.edu.br\/unidades\/valenca\/wp-json\/wp\/v2\/types\/post"}],"author":[{"embeddable":true,"href":"https:\/\/www.ifbaiano.edu.br\/unidades\/valenca\/wp-json\/wp\/v2\/users\/62"}],"replies":[{"embeddable":true,"href":"https:\/\/www.ifbaiano.edu.br\/unidades\/valenca\/wp-json\/wp\/v2\/comments?post=4766"}],"version-history":[{"count":1,"href":"https:\/\/www.ifbaiano.edu.br\/unidades\/valenca\/wp-json\/wp\/v2\/posts\/4766\/revisions"}],"predecessor-version":[{"id":4768,"href":"https:\/\/www.ifbaiano.edu.br\/unidades\/valenca\/wp-json\/wp\/v2\/posts\/4766\/revisions\/4768"}],"wp:attachment":[{"href":"https:\/\/www.ifbaiano.edu.br\/unidades\/valenca\/wp-json\/wp\/v2\/media?parent=4766"}],"wp:term":[{"taxonomy":"category","embeddable":true,"href":"https:\/\/www.ifbaiano.edu.br\/unidades\/valenca\/wp-json\/wp\/v2\/categories?post=4766"},{"taxonomy":"post_tag","embeddable":true,"href":"https:\/\/www.ifbaiano.edu.br\/unidades\/valenca\/wp-json\/wp\/v2\/tags?post=4766"}],"curies":[{"name":"wp","href":"https:\/\/api.w.org\/{rel}","templated":true}]}}