{"id":4769,"date":"2017-07-05T18:52:50","date_gmt":"2017-07-05T18:52:50","guid":{"rendered":"http:\/\/www.ifbaiano.edu.br\/unidades\/valenca\/?p=4769"},"modified":"2017-07-05T18:52:50","modified_gmt":"2017-07-05T18:52:50","slug":"aviso-de-chamada-publica-012017","status":"publish","type":"post","link":"https:\/\/www.ifbaiano.edu.br\/unidades\/valenca\/2017\/07\/05\/aviso-de-chamada-publica-012017\/","title":{"rendered":"AVISO DE CHAMADA P\u00daBLICA 01\/2017"},"content":{"rendered":"<p style=\"text-align: center\">O Instituto Federal Baiano \u2013 <em>Campus <\/em>Valen\u00e7a torna p\u00fablico, para conhecimento dos interessados, que realizar\u00e1 a Chamada P\u00fablica n\u00ba 01\/2017. Objeto: Aquisi\u00e7\u00e3o de g\u00eaneros aliment\u00edcios da agricultura familiar para atendimento ao programa Nacional de Alimenta\u00e7\u00e3o Escolar &#8211; PNAE, conforme as pe\u00e7as t\u00e9cnicas constantes no Instrumento Convocat\u00f3rio e seus anexos, partes integrantes desta Chamada P\u00fablica. O Edital encontra-se dispon\u00edvel na sede do\u00a0 Campus e no s\u00edtio\u00a0 <u>http:\/\/www.ifbaiano.edu.br\/unidades\/valenca<\/u>. Sess\u00e3o de abertura: 27\/07\/2017, \u00e0s 09h, Hor\u00e1rio Local, na sede do Instituto Federal Baiano \u2013 <em>Campus <\/em>Valen\u00e7a, localizado na Rua Glic\u00e9rio Tavares, s\/n, Bate Quente, CEP: 45.400-000, Valen\u00e7a \u2013 Bahia.<\/p>\n<p style=\"text-align: center\">\n<p style=\"text-align: center\">Rafael de Oliveira Ribeiro<\/p>\n<p style=\"text-align: center\">Presidente da Comiss\u00e3o<\/p>\n<p style=\"text-align: center\">IF Baiano \u2013 Campus Valen\u00e7a<\/p>\n<p style=\"text-align: left\"><a href=\"http:\/\/www.ifbaiano.edu.br\/unidades\/valenca\/files\/2017\/07\/Edital-de-Chamada-P\u00fablica-01.2016-ok.pdf\">Edital de Chamada P\u00fablica 01.2016<\/a><\/p>\n<p style=\"text-align: left\"><a href=\"http:\/\/www.ifbaiano.edu.br\/unidades\/valenca\/files\/2017\/07\/1-Anexo-I-Especifica\u00e7\u00f5es-termo-ok.pdf\">1 Anexo I &#8211; Especifica\u00e7\u00f5es (termo)<\/a><\/p>\n<p style=\"text-align: left\"><a href=\"http:\/\/www.ifbaiano.edu.br\/unidades\/valenca\/files\/2017\/07\/2-Anexo-II-Projeto-de-Vendas-ok.pdf\">2 Anexo II &#8211; Projeto de Vendas<\/a><\/p>\n<p style=\"text-align: left\"><a href=\"http:\/\/www.ifbaiano.edu.br\/unidades\/valenca\/files\/2017\/07\/3-Anexo-III-Declara\u00e7\u00e3o-de-Origem-dos-Produtos-ok.pdf\">3 Anexo III- Declara\u00e7\u00e3o de Origem dos Produtos<\/a><\/p>\n<p style=\"text-align: left\"><a href=\"http:\/\/www.ifbaiano.edu.br\/unidades\/valenca\/files\/2017\/07\/4-Anexo-IV-Modelo-de-Termo-de-Recebimento-ok.pdf\">4 Anexo IV &#8211; Modelo de Termo de Recebimento<\/a><\/p>\n<p style=\"text-align: left\"><a href=\"http:\/\/www.ifbaiano.edu.br\/unidades\/valenca\/files\/2017\/07\/5-Anexo-V-Minuta-do-Contrato-.pdf\">5 Anexo V &#8211; Minuta do Contrato<\/a><\/p>\n","protected":false},"excerpt":{"rendered":"<p>O Instituto Federal Baiano \u2013 Campus Valen\u00e7a torna p\u00fablico, para conhecimento dos interessados, que realizar\u00e1 a Chamada P\u00fablica n\u00ba 01\/2017. Objeto: Aquisi\u00e7\u00e3o de g\u00eaneros aliment\u00edcios da agricultura familiar para atendimento ao programa Nacional de Alimenta\u00e7\u00e3o Escolar &#8211; PNAE, conforme as pe\u00e7as t\u00e9cnicas constantes no Instrumento Convocat\u00f3rio e seus anexos, partes integrantes desta Chamada P\u00fablica. O [&hellip;]<\/p>\n","protected":false},"author":62,"featured_media":0,"comment_status":"open","ping_status":"open","sticky":false,"template":"","format":"standard","meta":[],"categories":[4],"tags":[],"_links":{"self":[{"href":"https:\/\/www.ifbaiano.edu.br\/unidades\/valenca\/wp-json\/wp\/v2\/posts\/4769"}],"collection":[{"href":"https:\/\/www.ifbaiano.edu.br\/unidades\/valenca\/wp-json\/wp\/v2\/posts"}],"about":[{"href":"https:\/\/www.ifbaiano.edu.br\/unidades\/valenca\/wp-json\/wp\/v2\/types\/post"}],"author":[{"embeddable":true,"href":"https:\/\/www.ifbaiano.edu.br\/unidades\/valenca\/wp-json\/wp\/v2\/users\/62"}],"replies":[{"embeddable":true,"href":"https:\/\/www.ifbaiano.edu.br\/unidades\/valenca\/wp-json\/wp\/v2\/comments?post=4769"}],"version-history":[{"count":1,"href":"https:\/\/www.ifbaiano.edu.br\/unidades\/valenca\/wp-json\/wp\/v2\/posts\/4769\/revisions"}],"predecessor-version":[{"id":4776,"href":"https:\/\/www.ifbaiano.edu.br\/unidades\/valenca\/wp-json\/wp\/v2\/posts\/4769\/revisions\/4776"}],"wp:attachment":[{"href":"https:\/\/www.ifbaiano.edu.br\/unidades\/valenca\/wp-json\/wp\/v2\/media?parent=4769"}],"wp:term":[{"taxonomy":"category","embeddable":true,"href":"https:\/\/www.ifbaiano.edu.br\/unidades\/valenca\/wp-json\/wp\/v2\/categories?post=4769"},{"taxonomy":"post_tag","embeddable":true,"href":"https:\/\/www.ifbaiano.edu.br\/unidades\/valenca\/wp-json\/wp\/v2\/tags?post=4769"}],"curies":[{"name":"wp","href":"https:\/\/api.w.org\/{rel}","templated":true}]}}