{"id":4781,"date":"2017-07-21T14:05:02","date_gmt":"2017-07-21T14:05:02","guid":{"rendered":"http:\/\/www.ifbaiano.edu.br\/unidades\/valenca\/?p=4781"},"modified":"2017-07-21T14:05:02","modified_gmt":"2017-07-21T14:05:02","slug":"vagas-remanescentes-do-edital-712017","status":"publish","type":"post","link":"https:\/\/www.ifbaiano.edu.br\/unidades\/valenca\/2017\/07\/21\/vagas-remanescentes-do-edital-712017\/","title":{"rendered":"VAGAS REMANESCENTES DO EDITAL 71\/2017"},"content":{"rendered":"<p>O Diretor Geral do Instituto Federal Baiano <em>campus<\/em> Valen\u00e7a torna p\u00fablica a abertura de inscri\u00e7\u00f5es, no per\u00edodo entre <strong>24 e 28 de julho de 2017<\/strong>, para provimento de vagas remanescentes do processo seletivo regido pelo edital 71\/2016 por meio de <strong>manifesta\u00e7\u00e3o de interesse <\/strong>na vaga diretamente no campus, no curso <strong>T\u00e9cnico Subsequente em Agropecu\u00e1ria Subsequente<\/strong> (vespertino) e <strong>Curso T\u00e9cnico em Meio Ambiente Subsequente <\/strong>(matutino e noturno), para o per\u00edodo letivo de 2017.2.<\/p>\n<p><span style=\"text-decoration: underline\"><em><strong><a href=\"http:\/\/www.ifbaiano.edu.br\/unidades\/valenca\/files\/2017\/07\/edital-remanescente-2017.2.pdf\">EDITAL &#8211; remanescente 2017.2<\/a><\/strong><\/em><\/span><\/p>\n","protected":false},"excerpt":{"rendered":"<p>O Diretor Geral do Instituto Federal Baiano campus Valen\u00e7a torna p\u00fablica a abertura de inscri\u00e7\u00f5es, no per\u00edodo entre 24 e 28 de julho de 2017, para provimento de vagas remanescentes do processo seletivo regido pelo edital 71\/2016 por meio de manifesta\u00e7\u00e3o de interesse na vaga diretamente no campus, no curso T\u00e9cnico Subsequente em Agropecu\u00e1ria Subsequente [&hellip;]<\/p>\n","protected":false},"author":62,"featured_media":0,"comment_status":"open","ping_status":"open","sticky":false,"template":"","format":"standard","meta":[],"categories":[5],"tags":[],"_links":{"self":[{"href":"https:\/\/www.ifbaiano.edu.br\/unidades\/valenca\/wp-json\/wp\/v2\/posts\/4781"}],"collection":[{"href":"https:\/\/www.ifbaiano.edu.br\/unidades\/valenca\/wp-json\/wp\/v2\/posts"}],"about":[{"href":"https:\/\/www.ifbaiano.edu.br\/unidades\/valenca\/wp-json\/wp\/v2\/types\/post"}],"author":[{"embeddable":true,"href":"https:\/\/www.ifbaiano.edu.br\/unidades\/valenca\/wp-json\/wp\/v2\/users\/62"}],"replies":[{"embeddable":true,"href":"https:\/\/www.ifbaiano.edu.br\/unidades\/valenca\/wp-json\/wp\/v2\/comments?post=4781"}],"version-history":[{"count":1,"href":"https:\/\/www.ifbaiano.edu.br\/unidades\/valenca\/wp-json\/wp\/v2\/posts\/4781\/revisions"}],"predecessor-version":[{"id":4783,"href":"https:\/\/www.ifbaiano.edu.br\/unidades\/valenca\/wp-json\/wp\/v2\/posts\/4781\/revisions\/4783"}],"wp:attachment":[{"href":"https:\/\/www.ifbaiano.edu.br\/unidades\/valenca\/wp-json\/wp\/v2\/media?parent=4781"}],"wp:term":[{"taxonomy":"category","embeddable":true,"href":"https:\/\/www.ifbaiano.edu.br\/unidades\/valenca\/wp-json\/wp\/v2\/categories?post=4781"},{"taxonomy":"post_tag","embeddable":true,"href":"https:\/\/www.ifbaiano.edu.br\/unidades\/valenca\/wp-json\/wp\/v2\/tags?post=4781"}],"curies":[{"name":"wp","href":"https:\/\/api.w.org\/{rel}","templated":true}]}}