{"id":4785,"date":"2017-07-31T17:24:33","date_gmt":"2017-07-31T17:24:33","guid":{"rendered":"http:\/\/www.ifbaiano.edu.br\/unidades\/valenca\/?p=4785"},"modified":"2017-07-31T17:24:33","modified_gmt":"2017-07-31T17:24:33","slug":"edital-remanescente-2017-2-inscricoes-homologadas-e-resultado-preliminar","status":"publish","type":"post","link":"https:\/\/www.ifbaiano.edu.br\/unidades\/valenca\/2017\/07\/31\/edital-remanescente-2017-2-inscricoes-homologadas-e-resultado-preliminar\/","title":{"rendered":"Edital remanescente 2017.2 &#8211; Inscri\u00e7\u00f5es homologadas e resultado preliminar"},"content":{"rendered":"<p>Segue em anexo inscri\u00e7\u00f5es homologadas e resultado preliminar do edital de vagas remanescentes 2017.2.<\/p>\n<p><a href=\"http:\/\/www.ifbaiano.edu.br\/unidades\/valenca\/files\/2017\/07\/INSCRI\u00c7\u00d5ES-HOMOLOGADAS.pdf\">INSCRI\u00c7\u00d5ES HOMOLOGADAS<\/a><\/p>\n<p><a href=\"http:\/\/www.ifbaiano.edu.br\/unidades\/valenca\/files\/2017\/07\/Resultado-Preliminar.pdf\">Resultado Preliminar<\/a><\/p>\n","protected":false},"excerpt":{"rendered":"<p>Segue em anexo inscri\u00e7\u00f5es homologadas e resultado preliminar do edital de vagas remanescentes 2017.2. INSCRI\u00c7\u00d5ES HOMOLOGADAS Resultado Preliminar<\/p>\n","protected":false},"author":62,"featured_media":0,"comment_status":"open","ping_status":"open","sticky":false,"template":"","format":"standard","meta":[],"categories":[5],"tags":[],"_links":{"self":[{"href":"https:\/\/www.ifbaiano.edu.br\/unidades\/valenca\/wp-json\/wp\/v2\/posts\/4785"}],"collection":[{"href":"https:\/\/www.ifbaiano.edu.br\/unidades\/valenca\/wp-json\/wp\/v2\/posts"}],"about":[{"href":"https:\/\/www.ifbaiano.edu.br\/unidades\/valenca\/wp-json\/wp\/v2\/types\/post"}],"author":[{"embeddable":true,"href":"https:\/\/www.ifbaiano.edu.br\/unidades\/valenca\/wp-json\/wp\/v2\/users\/62"}],"replies":[{"embeddable":true,"href":"https:\/\/www.ifbaiano.edu.br\/unidades\/valenca\/wp-json\/wp\/v2\/comments?post=4785"}],"version-history":[{"count":1,"href":"https:\/\/www.ifbaiano.edu.br\/unidades\/valenca\/wp-json\/wp\/v2\/posts\/4785\/revisions"}],"predecessor-version":[{"id":4788,"href":"https:\/\/www.ifbaiano.edu.br\/unidades\/valenca\/wp-json\/wp\/v2\/posts\/4785\/revisions\/4788"}],"wp:attachment":[{"href":"https:\/\/www.ifbaiano.edu.br\/unidades\/valenca\/wp-json\/wp\/v2\/media?parent=4785"}],"wp:term":[{"taxonomy":"category","embeddable":true,"href":"https:\/\/www.ifbaiano.edu.br\/unidades\/valenca\/wp-json\/wp\/v2\/categories?post=4785"},{"taxonomy":"post_tag","embeddable":true,"href":"https:\/\/www.ifbaiano.edu.br\/unidades\/valenca\/wp-json\/wp\/v2\/tags?post=4785"}],"curies":[{"name":"wp","href":"https:\/\/api.w.org\/{rel}","templated":true}]}}