{"id":4789,"date":"2017-08-01T13:20:44","date_gmt":"2017-08-01T13:20:44","guid":{"rendered":"http:\/\/www.ifbaiano.edu.br\/unidades\/valenca\/?p=4789"},"modified":"2017-08-01T13:21:02","modified_gmt":"2017-08-01T13:21:02","slug":"lancamento-de-projeto-em-empreendimentos-da-agricultura-familiar","status":"publish","type":"post","link":"https:\/\/www.ifbaiano.edu.br\/unidades\/valenca\/2017\/08\/01\/lancamento-de-projeto-em-empreendimentos-da-agricultura-familiar\/","title":{"rendered":"Lan\u00e7amento de projeto em empreendimentos da agricultura familiar"},"content":{"rendered":"<p>Na pr\u00f3xima quarta-feira, 2 de agosto, acontece o lan\u00e7amento do projeto de extens\u00e3o tecnol\u00f3gica em empreendimentos da agricultura familiar no Baixo Sul da Bahia, no audit\u00f3rio do <em>Campus<\/em> Valen\u00e7a, \u00e0s 10 horas.<\/p>\n<p>Na oportunidade, est\u00e3o previstas as presen\u00e7as de 15 representantes das comunidades da regi\u00e3o, das \u00e1reas executiva e t\u00e9cnica da Secretaria de Desenvolvimento Rural (SDR) e de servidores do Instituto Federal Baiano (IF Baiano) \u2013 Reitoria \/ <em>Campus<\/em> Valen\u00e7a.<\/p>\n<p><strong>Projeto \u2013 <\/strong>Segundo Rodrigo Saldanha,\u00a0 coordenador do projeto e da Unidade Educativa de Campo, o projeto \u201cvisa promover a qualifica\u00e7\u00e3o de a\u00e7\u00f5es de gest\u00e3o e a expans\u00e3o de pr\u00e1ticas produtivas atrav\u00e9s de iniciativas de capacita\u00e7\u00e3o voltadas aos atores locais que desenvolvem empreendimentos de agricultura familiar\u201d. Ele ser\u00e1 realizado com a Associa\u00e7\u00e3o de Pequenos Produtores Rurais do Vale do Piau na Comunidade de Dois Riachos, Orob\u00f3, Distrito de Maricoabo, no munic\u00edpio de Valen\u00e7a.<\/p>\n","protected":false},"excerpt":{"rendered":"<p>Na pr\u00f3xima quarta-feira, 2 de agosto, acontece o lan\u00e7amento do projeto de extens\u00e3o tecnol\u00f3gica em empreendimentos da agricultura familiar no Baixo Sul da Bahia, no audit\u00f3rio do Campus Valen\u00e7a, \u00e0s 10 horas. Na oportunidade, est\u00e3o previstas as presen\u00e7as de 15 representantes das comunidades da regi\u00e3o, das \u00e1reas executiva e t\u00e9cnica da Secretaria de Desenvolvimento Rural [&hellip;]<\/p>\n","protected":false},"author":62,"featured_media":0,"comment_status":"open","ping_status":"open","sticky":false,"template":"","format":"standard","meta":[],"categories":[5],"tags":[],"_links":{"self":[{"href":"https:\/\/www.ifbaiano.edu.br\/unidades\/valenca\/wp-json\/wp\/v2\/posts\/4789"}],"collection":[{"href":"https:\/\/www.ifbaiano.edu.br\/unidades\/valenca\/wp-json\/wp\/v2\/posts"}],"about":[{"href":"https:\/\/www.ifbaiano.edu.br\/unidades\/valenca\/wp-json\/wp\/v2\/types\/post"}],"author":[{"embeddable":true,"href":"https:\/\/www.ifbaiano.edu.br\/unidades\/valenca\/wp-json\/wp\/v2\/users\/62"}],"replies":[{"embeddable":true,"href":"https:\/\/www.ifbaiano.edu.br\/unidades\/valenca\/wp-json\/wp\/v2\/comments?post=4789"}],"version-history":[{"count":2,"href":"https:\/\/www.ifbaiano.edu.br\/unidades\/valenca\/wp-json\/wp\/v2\/posts\/4789\/revisions"}],"predecessor-version":[{"id":4791,"href":"https:\/\/www.ifbaiano.edu.br\/unidades\/valenca\/wp-json\/wp\/v2\/posts\/4789\/revisions\/4791"}],"wp:attachment":[{"href":"https:\/\/www.ifbaiano.edu.br\/unidades\/valenca\/wp-json\/wp\/v2\/media?parent=4789"}],"wp:term":[{"taxonomy":"category","embeddable":true,"href":"https:\/\/www.ifbaiano.edu.br\/unidades\/valenca\/wp-json\/wp\/v2\/categories?post=4789"},{"taxonomy":"post_tag","embeddable":true,"href":"https:\/\/www.ifbaiano.edu.br\/unidades\/valenca\/wp-json\/wp\/v2\/tags?post=4789"}],"curies":[{"name":"wp","href":"https:\/\/api.w.org\/{rel}","templated":true}]}}