{"id":4803,"date":"2017-08-15T19:58:37","date_gmt":"2017-08-15T19:58:37","guid":{"rendered":"http:\/\/www.ifbaiano.edu.br\/unidades\/valenca\/?p=4803"},"modified":"2017-08-15T19:58:37","modified_gmt":"2017-08-15T19:58:37","slug":"chamada-interna-n-012017","status":"publish","type":"post","link":"https:\/\/www.ifbaiano.edu.br\/unidades\/valenca\/2017\/08\/15\/chamada-interna-n-012017\/","title":{"rendered":"CHAMADA INTERNA N\u00b0 01\/2017"},"content":{"rendered":"<p>Segue em anexo CHAMADA INTERNA N\u00b0 01\/2017 \u2013 CAMPUS VALEN\u00c7A PARA APOIO \u00c0 SERVIDORES COM PUBLICA\u00c7\u00c3O DE TRABALHOS EM EVENTOS T\u00c9CNICO-CIENT\u00cdFICOS para conhecimento e manifesta\u00e7\u00e3o.<\/p>\n<p><a href=\"http:\/\/www.ifbaiano.edu.br\/unidades\/valenca\/files\/2017\/08\/CHAMADA-INTERNA-PARA-PARA-APOIO-DOS-SERVIDORES-COM-PUBLICA\u00c7\u00c3O-DE-TRABALHOS_campus-Valen\u00e7a.pdf\">ANEXO<\/a><\/p>\n<p><a href=\"http:\/\/www.ifbaiano.edu.br\/unidades\/valenca\/files\/2017\/08\/CHAMADA-INTERNA_ANEXOS.odt\">ANEXO II<\/a><\/p>\n","protected":false},"excerpt":{"rendered":"<p>Segue em anexo CHAMADA INTERNA N\u00b0 01\/2017 \u2013 CAMPUS VALEN\u00c7A PARA APOIO \u00c0 SERVIDORES COM PUBLICA\u00c7\u00c3O DE TRABALHOS EM EVENTOS T\u00c9CNICO-CIENT\u00cdFICOS para conhecimento e manifesta\u00e7\u00e3o. ANEXO ANEXO II<\/p>\n","protected":false},"author":62,"featured_media":0,"comment_status":"open","ping_status":"open","sticky":false,"template":"","format":"standard","meta":[],"categories":[5],"tags":[],"_links":{"self":[{"href":"https:\/\/www.ifbaiano.edu.br\/unidades\/valenca\/wp-json\/wp\/v2\/posts\/4803"}],"collection":[{"href":"https:\/\/www.ifbaiano.edu.br\/unidades\/valenca\/wp-json\/wp\/v2\/posts"}],"about":[{"href":"https:\/\/www.ifbaiano.edu.br\/unidades\/valenca\/wp-json\/wp\/v2\/types\/post"}],"author":[{"embeddable":true,"href":"https:\/\/www.ifbaiano.edu.br\/unidades\/valenca\/wp-json\/wp\/v2\/users\/62"}],"replies":[{"embeddable":true,"href":"https:\/\/www.ifbaiano.edu.br\/unidades\/valenca\/wp-json\/wp\/v2\/comments?post=4803"}],"version-history":[{"count":1,"href":"https:\/\/www.ifbaiano.edu.br\/unidades\/valenca\/wp-json\/wp\/v2\/posts\/4803\/revisions"}],"predecessor-version":[{"id":4806,"href":"https:\/\/www.ifbaiano.edu.br\/unidades\/valenca\/wp-json\/wp\/v2\/posts\/4803\/revisions\/4806"}],"wp:attachment":[{"href":"https:\/\/www.ifbaiano.edu.br\/unidades\/valenca\/wp-json\/wp\/v2\/media?parent=4803"}],"wp:term":[{"taxonomy":"category","embeddable":true,"href":"https:\/\/www.ifbaiano.edu.br\/unidades\/valenca\/wp-json\/wp\/v2\/categories?post=4803"},{"taxonomy":"post_tag","embeddable":true,"href":"https:\/\/www.ifbaiano.edu.br\/unidades\/valenca\/wp-json\/wp\/v2\/tags?post=4803"}],"curies":[{"name":"wp","href":"https:\/\/api.w.org\/{rel}","templated":true}]}}