{"id":4809,"date":"2017-08-21T19:32:15","date_gmt":"2017-08-21T19:32:15","guid":{"rendered":"http:\/\/www.ifbaiano.edu.br\/unidades\/valenca\/?p=4809"},"modified":"2017-08-21T21:15:48","modified_gmt":"2017-08-21T21:15:48","slug":"resultado-chamada-interna","status":"publish","type":"post","link":"https:\/\/www.ifbaiano.edu.br\/unidades\/valenca\/2017\/08\/21\/resultado-chamada-interna\/","title":{"rendered":"Resultado Chamada Interna"},"content":{"rendered":"<p>Segue em anexo resultado da\u00a0Chamada Interna N\u00b0 01\/2017 \u2013 Campus Valen\u00e7a para Apoio \u00e0\u00a0Servidores com Publica\u00e7\u00e3o de Trabalhos em Eventos T\u00e9cnico-Cient\u00edficos.<\/p>\n<p><span style=\"text-decoration: underline\"><em><strong><a href=\"http:\/\/www.ifbaiano.edu.br\/unidades\/valenca\/files\/2017\/08\/Resultado-Chamada-Interna_campus-Valen\u00e7a.pdf\">Click aqui para ver o RESULTADO<\/a><\/strong><\/em><\/span><\/p>\n","protected":false},"excerpt":{"rendered":"<p>Segue em anexo resultado da\u00a0Chamada Interna N\u00b0 01\/2017 \u2013 Campus Valen\u00e7a para Apoio \u00e0\u00a0Servidores com Publica\u00e7\u00e3o de Trabalhos em Eventos T\u00e9cnico-Cient\u00edficos. Click aqui para ver o RESULTADO<\/p>\n","protected":false},"author":62,"featured_media":0,"comment_status":"open","ping_status":"open","sticky":false,"template":"","format":"standard","meta":[],"categories":[5],"tags":[],"_links":{"self":[{"href":"https:\/\/www.ifbaiano.edu.br\/unidades\/valenca\/wp-json\/wp\/v2\/posts\/4809"}],"collection":[{"href":"https:\/\/www.ifbaiano.edu.br\/unidades\/valenca\/wp-json\/wp\/v2\/posts"}],"about":[{"href":"https:\/\/www.ifbaiano.edu.br\/unidades\/valenca\/wp-json\/wp\/v2\/types\/post"}],"author":[{"embeddable":true,"href":"https:\/\/www.ifbaiano.edu.br\/unidades\/valenca\/wp-json\/wp\/v2\/users\/62"}],"replies":[{"embeddable":true,"href":"https:\/\/www.ifbaiano.edu.br\/unidades\/valenca\/wp-json\/wp\/v2\/comments?post=4809"}],"version-history":[{"count":2,"href":"https:\/\/www.ifbaiano.edu.br\/unidades\/valenca\/wp-json\/wp\/v2\/posts\/4809\/revisions"}],"predecessor-version":[{"id":4812,"href":"https:\/\/www.ifbaiano.edu.br\/unidades\/valenca\/wp-json\/wp\/v2\/posts\/4809\/revisions\/4812"}],"wp:attachment":[{"href":"https:\/\/www.ifbaiano.edu.br\/unidades\/valenca\/wp-json\/wp\/v2\/media?parent=4809"}],"wp:term":[{"taxonomy":"category","embeddable":true,"href":"https:\/\/www.ifbaiano.edu.br\/unidades\/valenca\/wp-json\/wp\/v2\/categories?post=4809"},{"taxonomy":"post_tag","embeddable":true,"href":"https:\/\/www.ifbaiano.edu.br\/unidades\/valenca\/wp-json\/wp\/v2\/tags?post=4809"}],"curies":[{"name":"wp","href":"https:\/\/api.w.org\/{rel}","templated":true}]}}