{"id":4816,"date":"2017-08-24T18:54:58","date_gmt":"2017-08-24T18:54:58","guid":{"rendered":"http:\/\/www.ifbaiano.edu.br\/unidades\/valenca\/?p=4816"},"modified":"2017-08-24T18:54:58","modified_gmt":"2017-08-24T18:54:58","slug":"chamada-interna-n-012017-resultado-final","status":"publish","type":"post","link":"https:\/\/www.ifbaiano.edu.br\/unidades\/valenca\/2017\/08\/24\/chamada-interna-n-012017-resultado-final\/","title":{"rendered":"CHAMADA INTERNA N\u00b0 01\/2017 &#8211; RESULTADO FINAL"},"content":{"rendered":"<p>A Comiss\u00e3o respons\u00e1vel pela CHAMADA INTERNA N\u00b0 01\/2017 Para Apoio \u00e0 Servidores com Publica\u00e7\u00e3o de Trabalhos em Eventos T\u00e9cnico &#8211; Cient\u00edficos do campus Valen\u00e7a, institu\u00edda pela portaria N\u00ba 44\/2017, torna p\u00fablico o RESULTADO FINAL referente ao referido processo.<\/p>\n<p><strong><em><span style=\"text-decoration: underline\"><a href=\"http:\/\/www.ifbaiano.edu.br\/unidades\/valenca\/files\/2017\/08\/Resultado-Final-Chamada-Interna.pdf\">Click aqui para ver o RESULTADO<\/a><\/span><\/em><\/strong><\/p>\n","protected":false},"excerpt":{"rendered":"<p>A Comiss\u00e3o respons\u00e1vel pela CHAMADA INTERNA N\u00b0 01\/2017 Para Apoio \u00e0 Servidores com Publica\u00e7\u00e3o de Trabalhos em Eventos T\u00e9cnico &#8211; Cient\u00edficos do campus Valen\u00e7a, institu\u00edda pela portaria N\u00ba 44\/2017, torna p\u00fablico o RESULTADO FINAL referente ao referido processo. Click aqui para ver o RESULTADO<\/p>\n","protected":false},"author":62,"featured_media":0,"comment_status":"open","ping_status":"open","sticky":false,"template":"","format":"standard","meta":[],"categories":[1],"tags":[],"_links":{"self":[{"href":"https:\/\/www.ifbaiano.edu.br\/unidades\/valenca\/wp-json\/wp\/v2\/posts\/4816"}],"collection":[{"href":"https:\/\/www.ifbaiano.edu.br\/unidades\/valenca\/wp-json\/wp\/v2\/posts"}],"about":[{"href":"https:\/\/www.ifbaiano.edu.br\/unidades\/valenca\/wp-json\/wp\/v2\/types\/post"}],"author":[{"embeddable":true,"href":"https:\/\/www.ifbaiano.edu.br\/unidades\/valenca\/wp-json\/wp\/v2\/users\/62"}],"replies":[{"embeddable":true,"href":"https:\/\/www.ifbaiano.edu.br\/unidades\/valenca\/wp-json\/wp\/v2\/comments?post=4816"}],"version-history":[{"count":1,"href":"https:\/\/www.ifbaiano.edu.br\/unidades\/valenca\/wp-json\/wp\/v2\/posts\/4816\/revisions"}],"predecessor-version":[{"id":4818,"href":"https:\/\/www.ifbaiano.edu.br\/unidades\/valenca\/wp-json\/wp\/v2\/posts\/4816\/revisions\/4818"}],"wp:attachment":[{"href":"https:\/\/www.ifbaiano.edu.br\/unidades\/valenca\/wp-json\/wp\/v2\/media?parent=4816"}],"wp:term":[{"taxonomy":"category","embeddable":true,"href":"https:\/\/www.ifbaiano.edu.br\/unidades\/valenca\/wp-json\/wp\/v2\/categories?post=4816"},{"taxonomy":"post_tag","embeddable":true,"href":"https:\/\/www.ifbaiano.edu.br\/unidades\/valenca\/wp-json\/wp\/v2\/tags?post=4816"}],"curies":[{"name":"wp","href":"https:\/\/api.w.org\/{rel}","templated":true}]}}