{"id":4825,"date":"2017-09-02T00:16:15","date_gmt":"2017-09-02T00:16:15","guid":{"rendered":"http:\/\/www.ifbaiano.edu.br\/unidades\/valenca\/?p=4825"},"modified":"2017-09-11T11:24:35","modified_gmt":"2017-09-11T11:24:35","slug":"processo-seletivo-cursos-fic-valenca","status":"publish","type":"post","link":"https:\/\/www.ifbaiano.edu.br\/unidades\/valenca\/2017\/09\/02\/processo-seletivo-cursos-fic-valenca\/","title":{"rendered":"Processo Seletivo Cursos FIC Valen\u00e7a"},"content":{"rendered":"<p class=\"alignnone\"><a href=\"http:\/\/www.ifbaiano.edu.br\/unidades\/valenca\/files\/2017\/09\/fic_VALENCA-01_-01-011.png\"><img decoding=\"async\" loading=\"lazy\" class=\"alignright size-full wp-image-4827\" src=\"http:\/\/www.ifbaiano.edu.br\/unidades\/valenca\/files\/2017\/09\/fic_VALENCA-01_-01-011.png\" alt=\"fic_VALENCA-01_-01-01[1]\" width=\"400\" height=\"400\" \/><\/a>EDITAL N\u00b0 119, DE 04 DE SETEMBRO DE 2017. PROCESSO SELETIVO PARA INGRESSO DE ESTUDANTES NOS CURSOS DE QUALIFICA\u00c7\u00c3O PROFISSIONAL, NA MODALIDADE DE FORMA\u00c7\u00c3O INICIAL E CONTINUADA.<\/p>\n<p>O Reitor do Instituto Federal de Educa\u00e7\u00e3o, Ci\u00eancia e Tecnologia Baiano \u2013 IF Baiano, no uso da compet\u00eancia delegada pelo Decreto de 13 de mar\u00e7o de 2014, publicado no Di\u00e1rio Oficial da Uni\u00e3o em 14 de mar\u00e7o de 2014, Se\u00e7\u00e3o 2, P\u00e1gina 1, no uso de suas atribui\u00e7\u00f5es legais, torna p\u00fablica a abertura de inscri\u00e7\u00f5es no per\u00edodo de 08 a 19 de setembro de 2017, para provimento de vagas nos cursos de Qualifica\u00e7\u00e3o Profissional, na modalidade de Forma\u00e7\u00e3o Inicial e Continuada \u2013 FIC que ser\u00e3o ofertados no Campus Valen\u00e7a.<\/p>\n<p><a href=\"http:\/\/concurso.ifbaiano.edu.br\/portal\/fic-valenca-setembro-2017\/wp-content\/uploads\/sites\/117\/2017\/09\/EDITAL_FIC_CAMPUS_VALEN%C3%87A.pdf\">EDITAL<\/a><\/p>\n<p><a href=\"https:\/\/opinanovo.ifbaiano.edu.br\/index.php\/973991\/lang\/pt-BR\/newtest\/Y\">FORMUL\u00c1RIO DE INSCRI\u00c7\u00c3O<\/a><\/p>\n","protected":false},"excerpt":{"rendered":"<p>EDITAL N\u00b0 119, DE 04 DE SETEMBRO DE 2017. PROCESSO SELETIVO PARA INGRESSO DE ESTUDANTES NOS CURSOS DE QUALIFICA\u00c7\u00c3O PROFISSIONAL, NA MODALIDADE DE FORMA\u00c7\u00c3O INICIAL E CONTINUADA. O Reitor do Instituto Federal de Educa\u00e7\u00e3o, Ci\u00eancia e Tecnologia Baiano \u2013 IF Baiano, no uso da compet\u00eancia delegada pelo Decreto de 13 de mar\u00e7o de 2014, publicado [&hellip;]<\/p>\n","protected":false},"author":62,"featured_media":4827,"comment_status":"open","ping_status":"open","sticky":false,"template":"","format":"standard","meta":[],"categories":[5],"tags":[],"_links":{"self":[{"href":"https:\/\/www.ifbaiano.edu.br\/unidades\/valenca\/wp-json\/wp\/v2\/posts\/4825"}],"collection":[{"href":"https:\/\/www.ifbaiano.edu.br\/unidades\/valenca\/wp-json\/wp\/v2\/posts"}],"about":[{"href":"https:\/\/www.ifbaiano.edu.br\/unidades\/valenca\/wp-json\/wp\/v2\/types\/post"}],"author":[{"embeddable":true,"href":"https:\/\/www.ifbaiano.edu.br\/unidades\/valenca\/wp-json\/wp\/v2\/users\/62"}],"replies":[{"embeddable":true,"href":"https:\/\/www.ifbaiano.edu.br\/unidades\/valenca\/wp-json\/wp\/v2\/comments?post=4825"}],"version-history":[{"count":5,"href":"https:\/\/www.ifbaiano.edu.br\/unidades\/valenca\/wp-json\/wp\/v2\/posts\/4825\/revisions"}],"predecessor-version":[{"id":4836,"href":"https:\/\/www.ifbaiano.edu.br\/unidades\/valenca\/wp-json\/wp\/v2\/posts\/4825\/revisions\/4836"}],"wp:featuredmedia":[{"embeddable":true,"href":"https:\/\/www.ifbaiano.edu.br\/unidades\/valenca\/wp-json\/wp\/v2\/media\/4827"}],"wp:attachment":[{"href":"https:\/\/www.ifbaiano.edu.br\/unidades\/valenca\/wp-json\/wp\/v2\/media?parent=4825"}],"wp:term":[{"taxonomy":"category","embeddable":true,"href":"https:\/\/www.ifbaiano.edu.br\/unidades\/valenca\/wp-json\/wp\/v2\/categories?post=4825"},{"taxonomy":"post_tag","embeddable":true,"href":"https:\/\/www.ifbaiano.edu.br\/unidades\/valenca\/wp-json\/wp\/v2\/tags?post=4825"}],"curies":[{"name":"wp","href":"https:\/\/api.w.org\/{rel}","templated":true}]}}