{"id":4841,"date":"2017-09-25T20:05:27","date_gmt":"2017-09-25T20:05:27","guid":{"rendered":"http:\/\/www.ifbaiano.edu.br\/unidades\/valenca\/?p=4841"},"modified":"2017-09-25T20:05:27","modified_gmt":"2017-09-25T20:05:27","slug":"cursos-fic-publicacao-de-lista-de-classificacao-e-convocacao-para-matricula","status":"publish","type":"post","link":"https:\/\/www.ifbaiano.edu.br\/unidades\/valenca\/2017\/09\/25\/cursos-fic-publicacao-de-lista-de-classificacao-e-convocacao-para-matricula\/","title":{"rendered":"CURSOS FIC &#8211; PUBLICA\u00c7\u00c3O DE LISTA DE CLASSIFICA\u00c7\u00c3O E CONVOCA\u00c7\u00c3O PARA MATR\u00cdCULA"},"content":{"rendered":"<p>Segue link para visualiza\u00e7\u00e3o da lista: <em><strong><a href=\"http:\/\/concurso.ifbaiano.edu.br\/portal\/fic-valenca-setembro-2017\/fic\/\">http:\/\/concurso.ifbaiano.edu.br\/portal\/fic-valenca-setembro-2017\/fic\/<\/a><\/strong><\/em><\/p>\n","protected":false},"excerpt":{"rendered":"<p>Segue link para visualiza\u00e7\u00e3o da lista: http:\/\/concurso.ifbaiano.edu.br\/portal\/fic-valenca-setembro-2017\/fic\/<\/p>\n","protected":false},"author":62,"featured_media":0,"comment_status":"open","ping_status":"open","sticky":false,"template":"","format":"standard","meta":[],"categories":[5],"tags":[],"_links":{"self":[{"href":"https:\/\/www.ifbaiano.edu.br\/unidades\/valenca\/wp-json\/wp\/v2\/posts\/4841"}],"collection":[{"href":"https:\/\/www.ifbaiano.edu.br\/unidades\/valenca\/wp-json\/wp\/v2\/posts"}],"about":[{"href":"https:\/\/www.ifbaiano.edu.br\/unidades\/valenca\/wp-json\/wp\/v2\/types\/post"}],"author":[{"embeddable":true,"href":"https:\/\/www.ifbaiano.edu.br\/unidades\/valenca\/wp-json\/wp\/v2\/users\/62"}],"replies":[{"embeddable":true,"href":"https:\/\/www.ifbaiano.edu.br\/unidades\/valenca\/wp-json\/wp\/v2\/comments?post=4841"}],"version-history":[{"count":1,"href":"https:\/\/www.ifbaiano.edu.br\/unidades\/valenca\/wp-json\/wp\/v2\/posts\/4841\/revisions"}],"predecessor-version":[{"id":4842,"href":"https:\/\/www.ifbaiano.edu.br\/unidades\/valenca\/wp-json\/wp\/v2\/posts\/4841\/revisions\/4842"}],"wp:attachment":[{"href":"https:\/\/www.ifbaiano.edu.br\/unidades\/valenca\/wp-json\/wp\/v2\/media?parent=4841"}],"wp:term":[{"taxonomy":"category","embeddable":true,"href":"https:\/\/www.ifbaiano.edu.br\/unidades\/valenca\/wp-json\/wp\/v2\/categories?post=4841"},{"taxonomy":"post_tag","embeddable":true,"href":"https:\/\/www.ifbaiano.edu.br\/unidades\/valenca\/wp-json\/wp\/v2\/tags?post=4841"}],"curies":[{"name":"wp","href":"https:\/\/api.w.org\/{rel}","templated":true}]}}