{"id":4843,"date":"2017-09-25T20:15:14","date_gmt":"2017-09-25T20:15:14","guid":{"rendered":"http:\/\/www.ifbaiano.edu.br\/unidades\/valenca\/?p=4843"},"modified":"2017-09-25T20:15:14","modified_gmt":"2017-09-25T20:15:14","slug":"escolha-dos-representantes-para-comissao-eleitoral-local","status":"publish","type":"post","link":"https:\/\/www.ifbaiano.edu.br\/unidades\/valenca\/2017\/09\/25\/escolha-dos-representantes-para-comissao-eleitoral-local\/","title":{"rendered":"Escolha  dos  Representantes  para  Comiss\u00e3o  Eleitoral  Local"},"content":{"rendered":"<p>A Presidente do Grupo de Trabalho respons\u00e1vel pela condu\u00e7\u00e3o da escolha da Comiss\u00e3o Eleitoral local, Campus Valen\u00e7a, no uso de suas atribui\u00e7\u00f5es legais previstas na Portaria n\u00ba 051, de 22 de setembro de 2017, do Campus Valen\u00e7a, torna p\u00fablico o processo de escolha dos representantes docentes, t\u00e9cnico-administrativos e discentes para composi\u00e7\u00e3o da Comiss\u00e3o Eleitoral Local, respons\u00e1vel pela condu\u00e7\u00e3o do processo de consulta para os cargos de Reitor e Diretor Geral do Campus Valen\u00e7a, em conformidade com o Edital n\u00ba 01, de 18 de setembro de 2017 do CONSUP.<\/p>\n<p><em><strong><a href=\"http:\/\/www.ifbaiano.edu.br\/unidades\/valenca\/files\/2017\/09\/Edital-Comiss\u00e3o-do-Processo-de-Consulta-para-Reitor-e-Diretor.pdf\">Edital &#8211; Comiss\u00e3o do Processo de Consulta para Reitor e Diretor<\/a><\/strong><\/em><\/p>\n<p>&nbsp;<\/p>\n","protected":false},"excerpt":{"rendered":"<p>A Presidente do Grupo de Trabalho respons\u00e1vel pela condu\u00e7\u00e3o da escolha da Comiss\u00e3o Eleitoral local, Campus Valen\u00e7a, no uso de suas atribui\u00e7\u00f5es legais previstas na Portaria n\u00ba 051, de 22 de setembro de 2017, do Campus Valen\u00e7a, torna p\u00fablico o processo de escolha dos representantes docentes, t\u00e9cnico-administrativos e discentes para composi\u00e7\u00e3o da Comiss\u00e3o Eleitoral Local, [&hellip;]<\/p>\n","protected":false},"author":62,"featured_media":0,"comment_status":"open","ping_status":"open","sticky":false,"template":"","format":"standard","meta":[],"categories":[4],"tags":[],"_links":{"self":[{"href":"https:\/\/www.ifbaiano.edu.br\/unidades\/valenca\/wp-json\/wp\/v2\/posts\/4843"}],"collection":[{"href":"https:\/\/www.ifbaiano.edu.br\/unidades\/valenca\/wp-json\/wp\/v2\/posts"}],"about":[{"href":"https:\/\/www.ifbaiano.edu.br\/unidades\/valenca\/wp-json\/wp\/v2\/types\/post"}],"author":[{"embeddable":true,"href":"https:\/\/www.ifbaiano.edu.br\/unidades\/valenca\/wp-json\/wp\/v2\/users\/62"}],"replies":[{"embeddable":true,"href":"https:\/\/www.ifbaiano.edu.br\/unidades\/valenca\/wp-json\/wp\/v2\/comments?post=4843"}],"version-history":[{"count":1,"href":"https:\/\/www.ifbaiano.edu.br\/unidades\/valenca\/wp-json\/wp\/v2\/posts\/4843\/revisions"}],"predecessor-version":[{"id":4845,"href":"https:\/\/www.ifbaiano.edu.br\/unidades\/valenca\/wp-json\/wp\/v2\/posts\/4843\/revisions\/4845"}],"wp:attachment":[{"href":"https:\/\/www.ifbaiano.edu.br\/unidades\/valenca\/wp-json\/wp\/v2\/media?parent=4843"}],"wp:term":[{"taxonomy":"category","embeddable":true,"href":"https:\/\/www.ifbaiano.edu.br\/unidades\/valenca\/wp-json\/wp\/v2\/categories?post=4843"},{"taxonomy":"post_tag","embeddable":true,"href":"https:\/\/www.ifbaiano.edu.br\/unidades\/valenca\/wp-json\/wp\/v2\/tags?post=4843"}],"curies":[{"name":"wp","href":"https:\/\/api.w.org\/{rel}","templated":true}]}}