{"id":4846,"date":"2017-09-26T19:29:30","date_gmt":"2017-09-26T19:29:30","guid":{"rendered":"http:\/\/www.ifbaiano.edu.br\/unidades\/valenca\/?p=4846"},"modified":"2017-09-26T19:29:30","modified_gmt":"2017-09-26T19:29:30","slug":"tomada-de-precos-no-012016-2","status":"publish","type":"post","link":"https:\/\/www.ifbaiano.edu.br\/unidades\/valenca\/2017\/09\/26\/tomada-de-precos-no-012016-2\/","title":{"rendered":"TOMADA DE PRE\u00c7OS N\u00ba 01\/2016"},"content":{"rendered":"<p>O Instituto Federal Baiano \u2013 Campus Valen\u00e7a torna p\u00fablico, para conhecimento dos interessados, que realizar\u00e1 Tomada de Pre\u00e7os n\u00ba 01\/2016. Objeto: Contrata\u00e7\u00e3o de empresa especializada na execu\u00e7\u00e3o de reforma da quadra poliesportiva do Instituto Federal Baiano \u2013 Campus Valen\u00e7a, conforme as pe\u00e7as t\u00e9cnicas constantes no Instrumento Convocat\u00f3rio, o Edital encontra-se dispon\u00edvel na sede do Campus e no s\u00edtio http:\/\/www.ifbaiano.edu.br\/unidades\/valenca. Sess\u00e3o de abertura: 11\/10\/2017, \u00e0s 10:30-hor\u00e1rio local, no audit\u00f3rio da sede do Instituto Federal Baiano \u2013 Campus Valen\u00e7a, localizado na Rua Glic\u00e9rio Tavares, s\/n, Bate Quente, Valen\u00e7a \u2013 BA.<\/p>\n<p>Daiana Silva Mamona Nascimento<br \/>\nPresidente da Comiss\u00e3o<br \/>\nIF Baiano \u2013 Valen\u00e7a<\/p>\n<p><em><strong><a href=\"http:\/\/www.ifbaiano.edu.br\/unidades\/valenca\/files\/2017\/09\/2\u00ba-PUBLICA\u00c7\u00c3O.zip\">Anexos<\/a><\/strong><\/em><\/p>\n<p>&nbsp;<\/p>\n","protected":false},"excerpt":{"rendered":"<p>O Instituto Federal Baiano \u2013 Campus Valen\u00e7a torna p\u00fablico, para conhecimento dos interessados, que realizar\u00e1 Tomada de Pre\u00e7os n\u00ba 01\/2016. Objeto: Contrata\u00e7\u00e3o de empresa especializada na execu\u00e7\u00e3o de reforma da quadra poliesportiva do Instituto Federal Baiano \u2013 Campus Valen\u00e7a, conforme as pe\u00e7as t\u00e9cnicas constantes no Instrumento Convocat\u00f3rio, o Edital encontra-se dispon\u00edvel na sede do Campus [&hellip;]<\/p>\n","protected":false},"author":62,"featured_media":0,"comment_status":"open","ping_status":"open","sticky":false,"template":"","format":"standard","meta":[],"categories":[1],"tags":[],"_links":{"self":[{"href":"https:\/\/www.ifbaiano.edu.br\/unidades\/valenca\/wp-json\/wp\/v2\/posts\/4846"}],"collection":[{"href":"https:\/\/www.ifbaiano.edu.br\/unidades\/valenca\/wp-json\/wp\/v2\/posts"}],"about":[{"href":"https:\/\/www.ifbaiano.edu.br\/unidades\/valenca\/wp-json\/wp\/v2\/types\/post"}],"author":[{"embeddable":true,"href":"https:\/\/www.ifbaiano.edu.br\/unidades\/valenca\/wp-json\/wp\/v2\/users\/62"}],"replies":[{"embeddable":true,"href":"https:\/\/www.ifbaiano.edu.br\/unidades\/valenca\/wp-json\/wp\/v2\/comments?post=4846"}],"version-history":[{"count":1,"href":"https:\/\/www.ifbaiano.edu.br\/unidades\/valenca\/wp-json\/wp\/v2\/posts\/4846\/revisions"}],"predecessor-version":[{"id":4848,"href":"https:\/\/www.ifbaiano.edu.br\/unidades\/valenca\/wp-json\/wp\/v2\/posts\/4846\/revisions\/4848"}],"wp:attachment":[{"href":"https:\/\/www.ifbaiano.edu.br\/unidades\/valenca\/wp-json\/wp\/v2\/media?parent=4846"}],"wp:term":[{"taxonomy":"category","embeddable":true,"href":"https:\/\/www.ifbaiano.edu.br\/unidades\/valenca\/wp-json\/wp\/v2\/categories?post=4846"},{"taxonomy":"post_tag","embeddable":true,"href":"https:\/\/www.ifbaiano.edu.br\/unidades\/valenca\/wp-json\/wp\/v2\/tags?post=4846"}],"curies":[{"name":"wp","href":"https:\/\/api.w.org\/{rel}","templated":true}]}}