{"id":4850,"date":"2017-10-16T17:57:55","date_gmt":"2017-10-16T17:57:55","guid":{"rendered":"http:\/\/www.ifbaiano.edu.br\/unidades\/valenca\/?p=4850"},"modified":"2017-10-16T17:57:55","modified_gmt":"2017-10-16T17:57:55","slug":"termo-de-adjudicacao-e-homologacao-tomada-de-precos-no-012016","status":"publish","type":"post","link":"https:\/\/www.ifbaiano.edu.br\/unidades\/valenca\/2017\/10\/16\/termo-de-adjudicacao-e-homologacao-tomada-de-precos-no-012016\/","title":{"rendered":"TERMO DE ADJUDICA\u00c7\u00c3O E HOMOLOGA\u00c7\u00c3O TOMADA DE PRE\u00c7OS N\u00ba 01\/2016"},"content":{"rendered":"<p style=\"text-align: center\">O Diretor-Geral do Instituto Federal Baiano \u2013 Campus Valen\u00e7a, no uso de suas atribui\u00e7\u00f5es legais,<\/p>\n<p style=\"text-align: center\">RESOLVE:<\/p>\n<p style=\"text-align: justify\">Com fundamento no inciso VI, do art. 43, da Lei n\u00ba 8.666\/93 e posteriores altera\u00e7\u00f5es, e conforme o que consta do Processo n\u00ba 23336.000604\/2016-35, HOMOLOGAR o procedimento licitat\u00f3rio na modalidade Tomada de Pre\u00e7os n\u00ba 001\/2016, tipo menor pre\u00e7o, cujo o objeto \u00e9 a escolha da proposta mais vantajosa para contrata\u00e7\u00e3o de empresa especializada na execu\u00e7\u00e3o de reforma da quadra poliesportiva, mediante o regime empreitada por pre\u00e7o unit\u00e1rio, conforme especifica\u00e7\u00f5es constantes no edital e anexos e ADJUDICAR o objeto licitado em favor da empresa <strong>CONSTRUTORA SENA J\u00daNIOR LTDA, CNPJ: 02.738.856\/0001-94<\/strong>, pela proposta mais vantajosa no valor de <strong>R$ 162.511,32\u00a0 (cento e sessenta e dois mil e quinhentos e onze reais e trinta e dois centavos). <\/strong><\/p>\n<p style=\"text-align: center\"><strong>Francisco Harley de Oliveira Mendon\u00e7a<\/strong><\/p>\n<p style=\"text-align: center\">Diretor Geral<\/p>\n","protected":false},"excerpt":{"rendered":"<p>O Diretor-Geral do Instituto Federal Baiano \u2013 Campus Valen\u00e7a, no uso de suas atribui\u00e7\u00f5es legais, RESOLVE: Com fundamento no inciso VI, do art. 43, da Lei n\u00ba 8.666\/93 e posteriores altera\u00e7\u00f5es, e conforme o que consta do Processo n\u00ba 23336.000604\/2016-35, HOMOLOGAR o procedimento licitat\u00f3rio na modalidade Tomada de Pre\u00e7os n\u00ba 001\/2016, tipo menor pre\u00e7o, cujo [&hellip;]<\/p>\n","protected":false},"author":62,"featured_media":0,"comment_status":"open","ping_status":"open","sticky":false,"template":"","format":"standard","meta":[],"categories":[5],"tags":[],"_links":{"self":[{"href":"https:\/\/www.ifbaiano.edu.br\/unidades\/valenca\/wp-json\/wp\/v2\/posts\/4850"}],"collection":[{"href":"https:\/\/www.ifbaiano.edu.br\/unidades\/valenca\/wp-json\/wp\/v2\/posts"}],"about":[{"href":"https:\/\/www.ifbaiano.edu.br\/unidades\/valenca\/wp-json\/wp\/v2\/types\/post"}],"author":[{"embeddable":true,"href":"https:\/\/www.ifbaiano.edu.br\/unidades\/valenca\/wp-json\/wp\/v2\/users\/62"}],"replies":[{"embeddable":true,"href":"https:\/\/www.ifbaiano.edu.br\/unidades\/valenca\/wp-json\/wp\/v2\/comments?post=4850"}],"version-history":[{"count":1,"href":"https:\/\/www.ifbaiano.edu.br\/unidades\/valenca\/wp-json\/wp\/v2\/posts\/4850\/revisions"}],"predecessor-version":[{"id":4851,"href":"https:\/\/www.ifbaiano.edu.br\/unidades\/valenca\/wp-json\/wp\/v2\/posts\/4850\/revisions\/4851"}],"wp:attachment":[{"href":"https:\/\/www.ifbaiano.edu.br\/unidades\/valenca\/wp-json\/wp\/v2\/media?parent=4850"}],"wp:term":[{"taxonomy":"category","embeddable":true,"href":"https:\/\/www.ifbaiano.edu.br\/unidades\/valenca\/wp-json\/wp\/v2\/categories?post=4850"},{"taxonomy":"post_tag","embeddable":true,"href":"https:\/\/www.ifbaiano.edu.br\/unidades\/valenca\/wp-json\/wp\/v2\/tags?post=4850"}],"curies":[{"name":"wp","href":"https:\/\/api.w.org\/{rel}","templated":true}]}}