{"id":4854,"date":"2017-12-21T19:05:22","date_gmt":"2017-12-21T19:05:22","guid":{"rendered":"http:\/\/www.ifbaiano.edu.br\/unidades\/valenca\/?p=4854"},"modified":"2017-12-21T19:06:15","modified_gmt":"2017-12-21T19:06:15","slug":"edital-de-matricula-no-0102017","status":"publish","type":"post","link":"https:\/\/www.ifbaiano.edu.br\/unidades\/valenca\/2017\/12\/21\/edital-de-matricula-no-0102017\/","title":{"rendered":"EDITAL DE MATR\u00cdCULA N\u00ba 010\/2017"},"content":{"rendered":"<p>O Diretor Geral Substituto do INSTITUTO FEDERAL DE EDUCA\u00c7\u00c3O, CI\u00caNCIA E TECNOLOGIA BAIANO \u2013 CAMPUS VALEN\u00c7A, , no uso de suas atribui\u00e7\u00f5es legais, conforme lhe confere a portaria n\u00b0 385 de 21 de mar\u00e7o de 2014, publicada no DOU de 24 de mar\u00e7o de 2014, combinado com o que disp\u00f5e a Lei n\u00ba 8.112\/90, resolve: <em><strong><span style=\"text-decoration: underline\"><a href=\"http:\/\/www.ifbaiano.edu.br\/unidades\/valenca\/files\/2017\/12\/Edital-de-matr\u00edcula-2018-VERS\u00c3O-FINAL.pdf\">ANEXO<\/a><\/span><\/strong><\/em><\/p>\n","protected":false},"excerpt":{"rendered":"<p>O Diretor Geral Substituto do INSTITUTO FEDERAL DE EDUCA\u00c7\u00c3O, CI\u00caNCIA E TECNOLOGIA BAIANO \u2013 CAMPUS VALEN\u00c7A, , no uso de suas atribui\u00e7\u00f5es legais, conforme lhe confere a portaria n\u00b0 385 de 21 de mar\u00e7o de 2014, publicada no DOU de 24 de mar\u00e7o de 2014, combinado com o que disp\u00f5e a Lei n\u00ba 8.112\/90, resolve: [&hellip;]<\/p>\n","protected":false},"author":62,"featured_media":0,"comment_status":"open","ping_status":"open","sticky":false,"template":"","format":"standard","meta":[],"categories":[5],"tags":[],"_links":{"self":[{"href":"https:\/\/www.ifbaiano.edu.br\/unidades\/valenca\/wp-json\/wp\/v2\/posts\/4854"}],"collection":[{"href":"https:\/\/www.ifbaiano.edu.br\/unidades\/valenca\/wp-json\/wp\/v2\/posts"}],"about":[{"href":"https:\/\/www.ifbaiano.edu.br\/unidades\/valenca\/wp-json\/wp\/v2\/types\/post"}],"author":[{"embeddable":true,"href":"https:\/\/www.ifbaiano.edu.br\/unidades\/valenca\/wp-json\/wp\/v2\/users\/62"}],"replies":[{"embeddable":true,"href":"https:\/\/www.ifbaiano.edu.br\/unidades\/valenca\/wp-json\/wp\/v2\/comments?post=4854"}],"version-history":[{"count":2,"href":"https:\/\/www.ifbaiano.edu.br\/unidades\/valenca\/wp-json\/wp\/v2\/posts\/4854\/revisions"}],"predecessor-version":[{"id":4857,"href":"https:\/\/www.ifbaiano.edu.br\/unidades\/valenca\/wp-json\/wp\/v2\/posts\/4854\/revisions\/4857"}],"wp:attachment":[{"href":"https:\/\/www.ifbaiano.edu.br\/unidades\/valenca\/wp-json\/wp\/v2\/media?parent=4854"}],"wp:term":[{"taxonomy":"category","embeddable":true,"href":"https:\/\/www.ifbaiano.edu.br\/unidades\/valenca\/wp-json\/wp\/v2\/categories?post=4854"},{"taxonomy":"post_tag","embeddable":true,"href":"https:\/\/www.ifbaiano.edu.br\/unidades\/valenca\/wp-json\/wp\/v2\/tags?post=4854"}],"curies":[{"name":"wp","href":"https:\/\/api.w.org\/{rel}","templated":true}]}}