{"id":4859,"date":"2018-01-11T14:52:31","date_gmt":"2018-01-11T14:52:31","guid":{"rendered":"http:\/\/www.ifbaiano.edu.br\/unidades\/valenca\/?p=4859"},"modified":"2018-01-11T14:52:31","modified_gmt":"2018-01-11T14:52:31","slug":"edital-de-matricula-no-0012018","status":"publish","type":"post","link":"https:\/\/www.ifbaiano.edu.br\/unidades\/valenca\/2018\/01\/11\/edital-de-matricula-no-0012018\/","title":{"rendered":"EDITAL DE MATR\u00cdCULA N\u00ba 001\/2018"},"content":{"rendered":"<p class=\"WW-Padro\" style=\"text-align: justify\">EDITAL DE MATR\u00cdCULA REFERENTE AO RESULTADO DO PROCESSO SELETIVO PARA INGRESSO DE ESTUDANTES, EM SEGUNDA CHAMADA, NOS CURSOS DA EDUCA\u00c7\u00c3O PROFISSIONAL T\u00c9CNICA DE N\u00cdVEL M\u00c9DIO NAS FORMAS INTEGRADA E SUBSEQUENTE, CONFORME EDITAL N\u00b0 114, E SUAS RETIFICA\u00c7\u00d5ES, DO INSTITUTO FEDERAL BAIANO.<\/p>\n<p class=\"WW-Padro\" style=\"text-align: justify\"><span style=\"text-decoration: underline\"><em><strong><a href=\"http:\/\/www.ifbaiano.edu.br\/unidades\/valenca\/files\/2018\/01\/Edital-de-matr\u00edcula-2018-VERS\u00c3O-FINAL-2\u00aa-CHAMADA.pdf\">Edital de matr\u00edcula 2018 (2\u00aa CHAMADA)<\/a><\/strong><\/em><\/span><\/p>\n<p class=\"WW-Padro\" style=\"text-align: justify\"><span style=\"text-decoration: underline\"><em><strong><a href=\"http:\/\/www.ifbaiano.edu.br\/unidades\/valenca\/files\/2018\/01\/Lista-de-Convocados-para-matr\u00edcula-2\u00aa-chamada-VALEN\u00c7A.pdf\">Lista de Convocados para matr\u00edcula (2\u00aa chamada) -VALEN\u00c7A<\/a><\/strong><\/em><\/span><\/p>\n","protected":false},"excerpt":{"rendered":"<p>EDITAL DE MATR\u00cdCULA REFERENTE AO RESULTADO DO PROCESSO SELETIVO PARA INGRESSO DE ESTUDANTES, EM SEGUNDA CHAMADA, NOS CURSOS DA EDUCA\u00c7\u00c3O PROFISSIONAL T\u00c9CNICA DE N\u00cdVEL M\u00c9DIO NAS FORMAS INTEGRADA E SUBSEQUENTE, CONFORME EDITAL N\u00b0 114, E SUAS RETIFICA\u00c7\u00d5ES, DO INSTITUTO FEDERAL BAIANO. Edital de matr\u00edcula 2018 (2\u00aa CHAMADA) Lista de Convocados para matr\u00edcula (2\u00aa chamada) -VALEN\u00c7A<\/p>\n","protected":false},"author":62,"featured_media":0,"comment_status":"open","ping_status":"open","sticky":false,"template":"","format":"standard","meta":[],"categories":[5],"tags":[],"_links":{"self":[{"href":"https:\/\/www.ifbaiano.edu.br\/unidades\/valenca\/wp-json\/wp\/v2\/posts\/4859"}],"collection":[{"href":"https:\/\/www.ifbaiano.edu.br\/unidades\/valenca\/wp-json\/wp\/v2\/posts"}],"about":[{"href":"https:\/\/www.ifbaiano.edu.br\/unidades\/valenca\/wp-json\/wp\/v2\/types\/post"}],"author":[{"embeddable":true,"href":"https:\/\/www.ifbaiano.edu.br\/unidades\/valenca\/wp-json\/wp\/v2\/users\/62"}],"replies":[{"embeddable":true,"href":"https:\/\/www.ifbaiano.edu.br\/unidades\/valenca\/wp-json\/wp\/v2\/comments?post=4859"}],"version-history":[{"count":1,"href":"https:\/\/www.ifbaiano.edu.br\/unidades\/valenca\/wp-json\/wp\/v2\/posts\/4859\/revisions"}],"predecessor-version":[{"id":4862,"href":"https:\/\/www.ifbaiano.edu.br\/unidades\/valenca\/wp-json\/wp\/v2\/posts\/4859\/revisions\/4862"}],"wp:attachment":[{"href":"https:\/\/www.ifbaiano.edu.br\/unidades\/valenca\/wp-json\/wp\/v2\/media?parent=4859"}],"wp:term":[{"taxonomy":"category","embeddable":true,"href":"https:\/\/www.ifbaiano.edu.br\/unidades\/valenca\/wp-json\/wp\/v2\/categories?post=4859"},{"taxonomy":"post_tag","embeddable":true,"href":"https:\/\/www.ifbaiano.edu.br\/unidades\/valenca\/wp-json\/wp\/v2\/tags?post=4859"}],"curies":[{"name":"wp","href":"https:\/\/api.w.org\/{rel}","templated":true}]}}