{"id":4863,"date":"2018-01-17T11:19:25","date_gmt":"2018-01-17T11:19:25","guid":{"rendered":"http:\/\/www.ifbaiano.edu.br\/unidades\/valenca\/?p=4863"},"modified":"2018-01-17T13:09:48","modified_gmt":"2018-01-17T13:09:48","slug":"edital-de-matricula-no-0022018","status":"publish","type":"post","link":"https:\/\/www.ifbaiano.edu.br\/unidades\/valenca\/2018\/01\/17\/edital-de-matricula-no-0022018\/","title":{"rendered":"EDITAL DE MATR\u00cdCULA N\u00ba 002\/2018"},"content":{"rendered":"<p class=\"WW-Padro\" style=\"text-align: justify\">Edital de Matr\u00edcula Referente ao Resultado do Processo Seletivo Para Ingresso de Estudantes, em Terceira Chamada, Nos Cursos da Educa\u00e7\u00e3o Profissional T\u00e9cnica de N\u00edvel M\u00e9dio Nas Formas Integrada e Subsequente, Conforme Edital N\u00b0 114, e Suas Retifica\u00e7\u00f5es, do Instituto Federal Baiano.<\/p>\n<p class=\"WW-Padro\" style=\"text-align: justify\"><span style=\"text-decoration: underline\"><em><strong><a href=\"http:\/\/www.ifbaiano.edu.br\/unidades\/valenca\/files\/2018\/01\/Edital-de-matrcula-2018-VERSO-FINAL-3-CHAMADA-para-publicao.pdf\">Edital de matr\u00edcula 2018 &#8211; (3\u00aa CHAMADA).<\/a><\/strong><\/em><\/span><\/p>\n<p><span style=\"text-decoration: underline\"><em><strong><a href=\"http:\/\/www.ifbaiano.edu.br\/unidades\/valenca\/files\/2018\/01\/Lista-de-Convocados-para-matrcula-3-chamada-VALENA-2018.pdf\">Lista de Convocados para Matr\u00edcula (3\u00aa chamada) -VALEN\u00c7A &#8211; 2018<\/a><a href=\"http:\/\/www.ifbaiano.edu.br\/unidades\/valenca\/files\/2018\/01\/Lista-de-Convocados-para-matrcula-3-chamada-VALENA-2018..pdf\">.<\/a><\/strong><\/em><\/span><\/p>\n","protected":false},"excerpt":{"rendered":"<p>Edital de Matr\u00edcula Referente ao Resultado do Processo Seletivo Para Ingresso de Estudantes, em Terceira Chamada, Nos Cursos da Educa\u00e7\u00e3o Profissional T\u00e9cnica de N\u00edvel M\u00e9dio Nas Formas Integrada e Subsequente, Conforme Edital N\u00b0 114, e Suas Retifica\u00e7\u00f5es, do Instituto Federal Baiano. Edital de matr\u00edcula 2018 &#8211; (3\u00aa CHAMADA). Lista de Convocados para Matr\u00edcula (3\u00aa chamada) [&hellip;]<\/p>\n","protected":false},"author":62,"featured_media":0,"comment_status":"open","ping_status":"open","sticky":false,"template":"","format":"standard","meta":[],"categories":[5],"tags":[],"_links":{"self":[{"href":"https:\/\/www.ifbaiano.edu.br\/unidades\/valenca\/wp-json\/wp\/v2\/posts\/4863"}],"collection":[{"href":"https:\/\/www.ifbaiano.edu.br\/unidades\/valenca\/wp-json\/wp\/v2\/posts"}],"about":[{"href":"https:\/\/www.ifbaiano.edu.br\/unidades\/valenca\/wp-json\/wp\/v2\/types\/post"}],"author":[{"embeddable":true,"href":"https:\/\/www.ifbaiano.edu.br\/unidades\/valenca\/wp-json\/wp\/v2\/users\/62"}],"replies":[{"embeddable":true,"href":"https:\/\/www.ifbaiano.edu.br\/unidades\/valenca\/wp-json\/wp\/v2\/comments?post=4863"}],"version-history":[{"count":5,"href":"https:\/\/www.ifbaiano.edu.br\/unidades\/valenca\/wp-json\/wp\/v2\/posts\/4863\/revisions"}],"predecessor-version":[{"id":4873,"href":"https:\/\/www.ifbaiano.edu.br\/unidades\/valenca\/wp-json\/wp\/v2\/posts\/4863\/revisions\/4873"}],"wp:attachment":[{"href":"https:\/\/www.ifbaiano.edu.br\/unidades\/valenca\/wp-json\/wp\/v2\/media?parent=4863"}],"wp:term":[{"taxonomy":"category","embeddable":true,"href":"https:\/\/www.ifbaiano.edu.br\/unidades\/valenca\/wp-json\/wp\/v2\/categories?post=4863"},{"taxonomy":"post_tag","embeddable":true,"href":"https:\/\/www.ifbaiano.edu.br\/unidades\/valenca\/wp-json\/wp\/v2\/tags?post=4863"}],"curies":[{"name":"wp","href":"https:\/\/api.w.org\/{rel}","templated":true}]}}