{"id":4876,"date":"2018-01-19T22:42:53","date_gmt":"2018-01-19T22:42:53","guid":{"rendered":"http:\/\/www.ifbaiano.edu.br\/unidades\/valenca\/?p=4876"},"modified":"2018-01-19T22:42:53","modified_gmt":"2018-01-19T22:42:53","slug":"edital-de-matricula-no-0032018","status":"publish","type":"post","link":"https:\/\/www.ifbaiano.edu.br\/unidades\/valenca\/2018\/01\/19\/edital-de-matricula-no-0032018\/","title":{"rendered":"EDITAL DE MATR\u00cdCULA N\u00ba 003\/2018"},"content":{"rendered":"<p>EDITAL DE MATR\u00cdCULA REFERENTE AO RESULTADO DO PROCESSO SELETIVO PARA INGRESSO DE ESTUDANTES, EM QUARTA CHAMADA, NOS CURSOS DA EDUCA\u00c7\u00c3O PROFISSIONAL T\u00c9CNICA DE N\u00cdVEL M\u00c9DIO NAS FORMAS INTEGRADA E SUBSEQUENTE, CONFORME EDITAL N\u00b0 114, E SUAS RETIFICA\u00c7\u00d5ES, DO INSTITUTO FEDERAL BAIANO.<\/p>\n<p><span style=\"text-decoration: underline\"><em><strong><a href=\"http:\/\/www.ifbaiano.edu.br\/unidades\/valenca\/files\/2018\/01\/Edital-de-matrIcula-2018-VERSAO-FINAL-4-CHAMADA-para-publicacao.pdf\">Edital de matr\u00edcula 2018 (4\u00aa CHAMADA)<\/a><\/strong><\/em><\/span><\/p>\n","protected":false},"excerpt":{"rendered":"<p>EDITAL DE MATR\u00cdCULA REFERENTE AO RESULTADO DO PROCESSO SELETIVO PARA INGRESSO DE ESTUDANTES, EM QUARTA CHAMADA, NOS CURSOS DA EDUCA\u00c7\u00c3O PROFISSIONAL T\u00c9CNICA DE N\u00cdVEL M\u00c9DIO NAS FORMAS INTEGRADA E SUBSEQUENTE, CONFORME EDITAL N\u00b0 114, E SUAS RETIFICA\u00c7\u00d5ES, DO INSTITUTO FEDERAL BAIANO. Edital de matr\u00edcula 2018 (4\u00aa CHAMADA)<\/p>\n","protected":false},"author":62,"featured_media":0,"comment_status":"open","ping_status":"open","sticky":false,"template":"","format":"standard","meta":[],"categories":[5],"tags":[],"_links":{"self":[{"href":"https:\/\/www.ifbaiano.edu.br\/unidades\/valenca\/wp-json\/wp\/v2\/posts\/4876"}],"collection":[{"href":"https:\/\/www.ifbaiano.edu.br\/unidades\/valenca\/wp-json\/wp\/v2\/posts"}],"about":[{"href":"https:\/\/www.ifbaiano.edu.br\/unidades\/valenca\/wp-json\/wp\/v2\/types\/post"}],"author":[{"embeddable":true,"href":"https:\/\/www.ifbaiano.edu.br\/unidades\/valenca\/wp-json\/wp\/v2\/users\/62"}],"replies":[{"embeddable":true,"href":"https:\/\/www.ifbaiano.edu.br\/unidades\/valenca\/wp-json\/wp\/v2\/comments?post=4876"}],"version-history":[{"count":1,"href":"https:\/\/www.ifbaiano.edu.br\/unidades\/valenca\/wp-json\/wp\/v2\/posts\/4876\/revisions"}],"predecessor-version":[{"id":4878,"href":"https:\/\/www.ifbaiano.edu.br\/unidades\/valenca\/wp-json\/wp\/v2\/posts\/4876\/revisions\/4878"}],"wp:attachment":[{"href":"https:\/\/www.ifbaiano.edu.br\/unidades\/valenca\/wp-json\/wp\/v2\/media?parent=4876"}],"wp:term":[{"taxonomy":"category","embeddable":true,"href":"https:\/\/www.ifbaiano.edu.br\/unidades\/valenca\/wp-json\/wp\/v2\/categories?post=4876"},{"taxonomy":"post_tag","embeddable":true,"href":"https:\/\/www.ifbaiano.edu.br\/unidades\/valenca\/wp-json\/wp\/v2\/tags?post=4876"}],"curies":[{"name":"wp","href":"https:\/\/api.w.org\/{rel}","templated":true}]}}