{"id":4880,"date":"2018-02-20T10:43:05","date_gmt":"2018-02-20T10:43:05","guid":{"rendered":"http:\/\/www.ifbaiano.edu.br\/unidades\/valenca\/?p=4880"},"modified":"2018-02-20T14:03:47","modified_gmt":"2018-02-20T14:03:47","slug":"vagas-remanescentes-do-edital-712018","status":"publish","type":"post","link":"https:\/\/www.ifbaiano.edu.br\/unidades\/valenca\/2018\/02\/20\/vagas-remanescentes-do-edital-712018\/","title":{"rendered":"VAGAS REMANESCENTES DO EDITAL 71\/2018 &#8211; Retifica\u00e7\u00e3o"},"content":{"rendered":"<p>O Diretor Geral do Instituto Federal Baiano <em>campus<\/em> Valen\u00e7a torna p\u00fablica a abertura de inscri\u00e7\u00f5es, no per\u00edodo entre <strong>21 e 23 de\u00a0fevereiro de 2018<\/strong>, para provimento de vagas remanescentes do processo seletivo regido pelo edital 71\/2016 por meio de <strong>manifesta\u00e7\u00e3o de interesse <\/strong>na vaga diretamente no campus, no curso <strong>T\u00e9cnico em Agropecu\u00e1ria Subsequente<\/strong> (matutino) e curso <strong>T\u00e9cnico em Meio Ambiente Subsequente <\/strong>(vespertino e noturno), para o per\u00edodo letivo de 2018.1.<\/p>\n<p><del><span style=\"text-decoration: underline\"><em><strong><a href=\"http:\/\/www.ifbaiano.edu.br\/unidades\/valenca\/files\/2018\/02\/edital-remanescente-2018.1-6.pdf\">Edital Remanescente 2018.1<\/a><\/strong><\/em><\/span><\/del><\/p>\n<p><span style=\"text-decoration: underline\"><em><strong><a href=\"http:\/\/www.ifbaiano.edu.br\/unidades\/valenca\/files\/2018\/02\/edital-remanescente-2018.1-subsequente-1.pdf\">Edital Remanescente 2018.1 &#8211;\u00a0Retificado<\/a><\/strong><\/em><\/span><\/p>\n","protected":false},"excerpt":{"rendered":"<p>O Diretor Geral do Instituto Federal Baiano campus Valen\u00e7a torna p\u00fablica a abertura de inscri\u00e7\u00f5es, no per\u00edodo entre 21 e 23 de\u00a0fevereiro de 2018, para provimento de vagas remanescentes do processo seletivo regido pelo edital 71\/2016 por meio de manifesta\u00e7\u00e3o de interesse na vaga diretamente no campus, no curso T\u00e9cnico em Agropecu\u00e1ria Subsequente (matutino) e [&hellip;]<\/p>\n","protected":false},"author":62,"featured_media":0,"comment_status":"open","ping_status":"open","sticky":false,"template":"","format":"standard","meta":[],"categories":[5],"tags":[],"_links":{"self":[{"href":"https:\/\/www.ifbaiano.edu.br\/unidades\/valenca\/wp-json\/wp\/v2\/posts\/4880"}],"collection":[{"href":"https:\/\/www.ifbaiano.edu.br\/unidades\/valenca\/wp-json\/wp\/v2\/posts"}],"about":[{"href":"https:\/\/www.ifbaiano.edu.br\/unidades\/valenca\/wp-json\/wp\/v2\/types\/post"}],"author":[{"embeddable":true,"href":"https:\/\/www.ifbaiano.edu.br\/unidades\/valenca\/wp-json\/wp\/v2\/users\/62"}],"replies":[{"embeddable":true,"href":"https:\/\/www.ifbaiano.edu.br\/unidades\/valenca\/wp-json\/wp\/v2\/comments?post=4880"}],"version-history":[{"count":8,"href":"https:\/\/www.ifbaiano.edu.br\/unidades\/valenca\/wp-json\/wp\/v2\/posts\/4880\/revisions"}],"predecessor-version":[{"id":4890,"href":"https:\/\/www.ifbaiano.edu.br\/unidades\/valenca\/wp-json\/wp\/v2\/posts\/4880\/revisions\/4890"}],"wp:attachment":[{"href":"https:\/\/www.ifbaiano.edu.br\/unidades\/valenca\/wp-json\/wp\/v2\/media?parent=4880"}],"wp:term":[{"taxonomy":"category","embeddable":true,"href":"https:\/\/www.ifbaiano.edu.br\/unidades\/valenca\/wp-json\/wp\/v2\/categories?post=4880"},{"taxonomy":"post_tag","embeddable":true,"href":"https:\/\/www.ifbaiano.edu.br\/unidades\/valenca\/wp-json\/wp\/v2\/tags?post=4880"}],"curies":[{"name":"wp","href":"https:\/\/api.w.org\/{rel}","templated":true}]}}