{"id":4900,"date":"2018-03-12T17:50:35","date_gmt":"2018-03-12T17:50:35","guid":{"rendered":"http:\/\/www.ifbaiano.edu.br\/unidades\/valenca\/?p=4900"},"modified":"2018-03-12T17:55:45","modified_gmt":"2018-03-12T17:55:45","slug":"alunos-do-campus-valenca-participam-da-feira-brasileira-de-ciencia-e-engenharia","status":"publish","type":"post","link":"https:\/\/www.ifbaiano.edu.br\/unidades\/valenca\/2018\/03\/12\/alunos-do-campus-valenca-participam-da-feira-brasileira-de-ciencia-e-engenharia\/","title":{"rendered":"Alunos do Campus Valen\u00e7a participam da Feira Brasileira de Ci\u00eancia e Engenharia."},"content":{"rendered":"<p style=\"text-align: justify\">Alunos do IF Baiano Campus Valen\u00e7a\u00a0 participam da Febrace, Feira Brasileira de Ci\u00eancia e Engenharia, com o projeto Colibri , controle remoto para pessoas com limita\u00e7\u00e3o visual baseado em reconhecimento e interpreta\u00e7\u00e3o de comandos de voz. Eles est\u00e3o concorrendo ao pr\u00eamio Vota\u00e7\u00e3o Popular e voc\u00ea pode ajud\u00e1-los a vencer acessando o link atrav\u00e9s da sua conta pessoal do facebook e votando.<\/p>\n<p style=\"text-align: justify\"><em><strong>Link do projeto:\u00a0<a href=\"http:\/\/febrace.org.br\/virtual\/2018\/ENG\/4\/\">http:\/\/febrace.org.br\/virtual\/2018\/ENG\/4\/<\/a><\/strong><\/em><\/p>\n<h3 style=\"text-align: justify\">Resumo (<a href=\"http:\/\/www.ifbaiano.edu.br\/unidades\/valenca\/files\/2018\/03\/826.pdf\">Poster<\/a>)<\/h3>\n<p style=\"text-align: justify\">O mundo moderno vive em uma constante evolu\u00e7\u00e3o tecnol\u00f3gica. Hoje, mais do que nunca, temos acesso a tecnologias suficientemente avan\u00e7adas para proporcionar independ\u00eancia e autonomia a grande parte das pessoas, principalmente \u00e0quelas que possuem limita\u00e7\u00f5es f\u00edsicas. Nesse contexto, surgem as tecnologias assistivas que, segundo o Estatuto da Pessoa com Defici\u00eancia, nada mais s\u00e3o que: produtos, recursos, metodologias, estrat\u00e9gias, pr\u00e1ticas e servi\u00e7os que objetivam promover a funcionalidade, relacionada \u00e0 atividade e \u00e0 participa\u00e7\u00e3o de pessoas com defici\u00eancia ou mobilidade reduzida, visando sua autonomia, independ\u00eancia, qualidade de vida e inclus\u00e3o social. Aplicar o uso de recursos tecnol\u00f3gicos para beneficiar os portadores de necessidades especiais \u00e9 extremamente necess\u00e1rio e prop\u00edcio para o desenvolvimento de uma sociedade mais igualit\u00e1ria. Este projeto visa melhorar o manuseio de aparelhos televisivos a partir da cria\u00e7\u00e3o de um controle chamado &#8220;CoLiBRI: Controle remoto para pessoas com limita\u00e7\u00e3o visual baseado em reconhecimento e interpreta\u00e7\u00e3o de comandos de voz&#8221;. Este, por sua vez, como o pr\u00f3prio nome diz, reconhece comandos de voz do usu\u00e1rio e envia para a televis\u00e3o, tornando-se uma ferramenta extremamente \u00fatil para pessoas com defici\u00eancia visual, por proporcionar independ\u00eancia e autonomia destas. Apesar da \u00eanfase do controle apresentado ser espec\u00edfica para aparelhos televisivos, \u00e9 importante salientar que este dispositivo tamb\u00e9m pode ser configurado para controlar outros aparelhos eletr\u00f4nicos que, do mesmo modo, tamb\u00e9m se utilizam de controles remotos, tais como: r\u00e1dios, ar condicionados, port\u00f5es eletr\u00f4nicos, v\u00eddeo games, aparelhos de DVD\/Blu-Ray, entre outros.<\/p>\n<p style=\"text-align: justify\">Conhe\u00e7a o projeto: <a href=\"https:\/\/youtu.be\/pbP0oQ_gGYw\">https:\/\/youtu.be\/pbP0oQ_gGYw<\/a><\/p>\n","protected":false},"excerpt":{"rendered":"<p>Alunos do IF Baiano Campus Valen\u00e7a\u00a0 participam da Febrace, Feira Brasileira de Ci\u00eancia e Engenharia, com o projeto Colibri , controle remoto para pessoas com limita\u00e7\u00e3o visual baseado em reconhecimento e interpreta\u00e7\u00e3o de comandos de voz. Eles est\u00e3o concorrendo ao pr\u00eamio Vota\u00e7\u00e3o Popular e voc\u00ea pode ajud\u00e1-los a vencer acessando o link atrav\u00e9s da sua [&hellip;]<\/p>\n","protected":false},"author":62,"featured_media":0,"comment_status":"open","ping_status":"open","sticky":false,"template":"","format":"standard","meta":[],"categories":[5],"tags":[],"_links":{"self":[{"href":"https:\/\/www.ifbaiano.edu.br\/unidades\/valenca\/wp-json\/wp\/v2\/posts\/4900"}],"collection":[{"href":"https:\/\/www.ifbaiano.edu.br\/unidades\/valenca\/wp-json\/wp\/v2\/posts"}],"about":[{"href":"https:\/\/www.ifbaiano.edu.br\/unidades\/valenca\/wp-json\/wp\/v2\/types\/post"}],"author":[{"embeddable":true,"href":"https:\/\/www.ifbaiano.edu.br\/unidades\/valenca\/wp-json\/wp\/v2\/users\/62"}],"replies":[{"embeddable":true,"href":"https:\/\/www.ifbaiano.edu.br\/unidades\/valenca\/wp-json\/wp\/v2\/comments?post=4900"}],"version-history":[{"count":4,"href":"https:\/\/www.ifbaiano.edu.br\/unidades\/valenca\/wp-json\/wp\/v2\/posts\/4900\/revisions"}],"predecessor-version":[{"id":4905,"href":"https:\/\/www.ifbaiano.edu.br\/unidades\/valenca\/wp-json\/wp\/v2\/posts\/4900\/revisions\/4905"}],"wp:attachment":[{"href":"https:\/\/www.ifbaiano.edu.br\/unidades\/valenca\/wp-json\/wp\/v2\/media?parent=4900"}],"wp:term":[{"taxonomy":"category","embeddable":true,"href":"https:\/\/www.ifbaiano.edu.br\/unidades\/valenca\/wp-json\/wp\/v2\/categories?post=4900"},{"taxonomy":"post_tag","embeddable":true,"href":"https:\/\/www.ifbaiano.edu.br\/unidades\/valenca\/wp-json\/wp\/v2\/tags?post=4900"}],"curies":[{"name":"wp","href":"https:\/\/api.w.org\/{rel}","templated":true}]}}