{"id":4906,"date":"2018-03-12T18:58:25","date_gmt":"2018-03-12T18:58:25","guid":{"rendered":"http:\/\/www.ifbaiano.edu.br\/unidades\/valenca\/?p=4906"},"modified":"2018-03-12T18:59:03","modified_gmt":"2018-03-12T18:59:03","slug":"projetos-do-if-baiano-campus-valenca-selecionados-para-apresentacao-em-evento-internacional-de-educacao-e-forum-social-mundial-2018","status":"publish","type":"post","link":"https:\/\/www.ifbaiano.edu.br\/unidades\/valenca\/2018\/03\/12\/projetos-do-if-baiano-campus-valenca-selecionados-para-apresentacao-em-evento-internacional-de-educacao-e-forum-social-mundial-2018\/","title":{"rendered":"Projetos do IF Baiano Campus Valen\u00e7a Selecionados Para Apresenta\u00e7\u00e3o em Evento Internacional de Educa\u00e7\u00e3o e F\u00f3rum Social Mundial 2018"},"content":{"rendered":"<p style=\"text-align: justify\">Tr\u00eas projetos desenvolvidos no Campus Valen\u00e7a foram selecionados para apresenta\u00e7\u00e3o no <strong>IV Col\u00f3quio Latinoamericano Colonialidade \/ Decolonialidade do Poder\/Saber\/Ser: abordagens pedag\u00f3gicas transformadoras<\/strong>, evento integrante da programa\u00e7\u00e3o do F\u00f3rum Social Mundial 2018.<\/p>\n<p style=\"text-align: justify\">O IV Col\u00f3quio&#8230; \u00e9 uma iniciativa de diversas universidades da Am\u00e9rica Latina, criado com o fito de fortalecer uma rede de institui\u00e7\u00f5es voltadas para a formula\u00e7\u00e3o de saberes que gerem uma agenda permanente de avan\u00e7os nas quest\u00f5es latino-americanas, partindo de uma vis\u00e3o decolonial. O encontro est\u00e1 integrado \u00e0 programa\u00e7\u00e3o do Forum Social Mundial 2018, que tem por tema \u2018Resistir e Criar. Resistir \u00e9 Transformar\u201d, que ser\u00e1 em Salvador.<\/p>\n<p style=\"text-align: justify\">A pesquisa de inicia\u00e7\u00e3o cient\u00edfica j\u00fanior\u00a0 \u201c<strong>Ver o verde sagrado: ilustra\u00e7\u00e3o cient\u00edfica em uma comunidade tradicional do Baixo Sul da Bahia\u201d<\/strong>,\u00a0 e os projetos de extens\u00e3o \u201c<strong>Tra\u00e7o Afro: ilustra\u00e7\u00e3o cient\u00edfica e saberes negros<\/strong>\u201d e o \u201c<strong>Imagens Afirmativas: visualidades da cultura negra de um territ\u00f3rio tradicional do Baixo Sul<\/strong>\u201d foram tr\u00eas das 65 propostas de comunica\u00e7\u00e3o oral selecionadas para apresenta\u00e7\u00e3o e publica\u00e7\u00e3o.<\/p>\n<p style=\"text-align: justify\">Todos os projetos v\u00eam sendo realizados no \u00e2mbito do ensino m\u00e9dio integrado ao curso t\u00e9cnico em Agroecologia, em parceria com o Terreiro Caxut\u00e9, situado no distrito rural de Caja\u00edba, munic\u00edpio de Valen\u00e7a, e contam com o apoio dos programas institucionais do IF Baiano para fomento de Pesquisa (PIBIC EM) e da Extens\u00e3o.<\/p>\n<p style=\"text-align: justify\">Os projetos t\u00eam abordagens diferentes, mas carregam caracter\u00edsticas comuns, pois s\u00e3o fundamentados na problematiza\u00e7\u00e3o da rela\u00e7\u00e3o do Instituto Federal e das demais ag\u00eancias de forma\u00e7\u00e3o acad\u00eamica com a produ\u00e7\u00e3o de conhecimento nas comunidades negras tradicionais da regi\u00e3o. A pesquisa vem centrando esfor\u00e7os para conhecer e documentar visualmente as plantas sagradas, ao mesmo tempo em que, pela Extens\u00e3o, os contextos comunit\u00e1rios se articulam produzindo coletivamente visualidades e registros afirmativos de sujeitos coletivos e seus saberes\/fazeres.<\/p>\n<p style=\"text-align: justify\">Apoiados pelo N\u00facleo de Estudos Afro-brasileiros e Ind\u00edgenas (NEABI) do Campus Valen\u00e7a, os trabalhos assumem tem\u00e1ticas caras como a sustentabilidade ambiental, o racismo cient\u00edfico, epistemic\u00eddio, identidade, intoler\u00e2ncia religiosa, bem como o hist\u00f3rico e a luta das popula\u00e7\u00f5es negras rurais do Baixo Sul. As t\u00e9cnicas art\u00edsticas operam como meio sens\u00edvel de conhecer e documentar as realidades, trabalhando as sensibilidades e diferen\u00e7as no processo de investiga\u00e7\u00e3o cient\u00edfica e interven\u00e7\u00e3o social. \u00c9 na interse\u00e7\u00e3o desses relacionamentos que se articulam novos saberes e caminhos para a produ\u00e7\u00e3o de um conhecimento n\u00e3o hierarquizado, em que prevalece a vis\u00e3o solid\u00e1ria e afirmativa entre os diferentes sujeitos envolvidos.<\/p>\n<p style=\"text-align: justify\">As atividades v\u00eam reunindo cerca de 16 jovens estudantes dos cursos t\u00e9cnicos de Agroecologia e Agropecu\u00e1ria do Campus Valen\u00e7a desde outubro de 2017 e ocorrem sob orienta\u00e7\u00e3o da profa. Dra. Nelma Barbosa e apoio do servidor t\u00e9cnico-administrativo Natanael Silva.<\/p>\n<p style=\"text-align: justify\"><strong>O qu\u00ea<\/strong> : Projetos do IF Baiano Campus Valen\u00e7a selecionados para apresenta\u00e7\u00e3o \u00a0\u00a0\u00a0em evento internacional de Educa\u00e7\u00e3o e F\u00f3rum Social Mundial 2018<\/p>\n<p style=\"text-align: justify\"><strong>\u00a0<\/strong><strong>Onde<\/strong>: Salvador, Bahia<\/p>\n<p style=\"text-align: justify\"><strong>Quando<\/strong>: 09 a 17 de mar\u00e7o de 2018<\/p>\n<p style=\"text-align: justify\"><strong>Contato: <\/strong>71- 99136-2199 ( Profa Dra. Nelma Barbosa) ou <a href=\"mailto:nelma.barbosa@ifbaiano.edu.br\">nelma.barbosa@ifbaiano.edu.br<\/a><\/p>\n<p style=\"text-align: justify\"><strong>Mais informa\u00e7\u00f5es:<\/strong><\/p>\n<p style=\"text-align: justify\"><a href=\"https:\/\/wsf2018.org\/atividades\/iv-coloquio-latinoamericano-colonialidade-decolonialidade-do-poder-saber-ser\/\">https:\/\/wsf2018.org\/atividades\/iv-coloquio-latinoamericano-colonialidade-decolonialidade-do-poder-saber-ser\/<\/a><\/p>\n<p style=\"text-align: justify\">https:\/\/decolonialidadebah.wixsite.com\/ivcoloquio\/2a-circular-1<\/p>\n","protected":false},"excerpt":{"rendered":"<p>Tr\u00eas projetos desenvolvidos no Campus Valen\u00e7a foram selecionados para apresenta\u00e7\u00e3o no IV Col\u00f3quio Latinoamericano Colonialidade \/ Decolonialidade do Poder\/Saber\/Ser: abordagens pedag\u00f3gicas transformadoras, evento integrante da programa\u00e7\u00e3o do F\u00f3rum Social Mundial 2018. O IV Col\u00f3quio&#8230; \u00e9 uma iniciativa de diversas universidades da Am\u00e9rica Latina, criado com o fito de fortalecer uma rede de institui\u00e7\u00f5es voltadas para [&hellip;]<\/p>\n","protected":false},"author":62,"featured_media":0,"comment_status":"open","ping_status":"open","sticky":false,"template":"","format":"standard","meta":[],"categories":[5],"tags":[],"_links":{"self":[{"href":"https:\/\/www.ifbaiano.edu.br\/unidades\/valenca\/wp-json\/wp\/v2\/posts\/4906"}],"collection":[{"href":"https:\/\/www.ifbaiano.edu.br\/unidades\/valenca\/wp-json\/wp\/v2\/posts"}],"about":[{"href":"https:\/\/www.ifbaiano.edu.br\/unidades\/valenca\/wp-json\/wp\/v2\/types\/post"}],"author":[{"embeddable":true,"href":"https:\/\/www.ifbaiano.edu.br\/unidades\/valenca\/wp-json\/wp\/v2\/users\/62"}],"replies":[{"embeddable":true,"href":"https:\/\/www.ifbaiano.edu.br\/unidades\/valenca\/wp-json\/wp\/v2\/comments?post=4906"}],"version-history":[{"count":2,"href":"https:\/\/www.ifbaiano.edu.br\/unidades\/valenca\/wp-json\/wp\/v2\/posts\/4906\/revisions"}],"predecessor-version":[{"id":4908,"href":"https:\/\/www.ifbaiano.edu.br\/unidades\/valenca\/wp-json\/wp\/v2\/posts\/4906\/revisions\/4908"}],"wp:attachment":[{"href":"https:\/\/www.ifbaiano.edu.br\/unidades\/valenca\/wp-json\/wp\/v2\/media?parent=4906"}],"wp:term":[{"taxonomy":"category","embeddable":true,"href":"https:\/\/www.ifbaiano.edu.br\/unidades\/valenca\/wp-json\/wp\/v2\/categories?post=4906"},{"taxonomy":"post_tag","embeddable":true,"href":"https:\/\/www.ifbaiano.edu.br\/unidades\/valenca\/wp-json\/wp\/v2\/tags?post=4906"}],"curies":[{"name":"wp","href":"https:\/\/api.w.org\/{rel}","templated":true}]}}