{"id":4910,"date":"2018-03-15T19:40:54","date_gmt":"2018-03-15T19:40:54","guid":{"rendered":"http:\/\/www.ifbaiano.edu.br\/unidades\/valenca\/?p=4910"},"modified":"2018-03-15T19:40:54","modified_gmt":"2018-03-15T19:40:54","slug":"na-rede-das-letras-alfabetizacao-de-pescadores-e-marisqueiras","status":"publish","type":"post","link":"https:\/\/www.ifbaiano.edu.br\/unidades\/valenca\/2018\/03\/15\/na-rede-das-letras-alfabetizacao-de-pescadores-e-marisqueiras\/","title":{"rendered":"Na Rede das Letras &#8211; Alfabetiza\u00e7\u00e3o de Pescadores e Marisqueiras"},"content":{"rendered":"<p>O Instituto Federal de Ci\u00eancia e Tecnologia Baiano est\u00e1 realizando, desde o m\u00eas de fevereiro, um Projeto de Extens\u00e3o destinado \u00e0 alfabetiza\u00e7\u00e3o de jovens e adultos no Distrito do Guaibim. O Projeto se intitula \u201cNa rede das letras: alfabetiza\u00e7\u00e3o de pescadores e marisqueiras do distrito do Guaibim\u201d e surgiu a partir de uma demanda apresentada por um representante da comunidade local (o aluno Luiz Tatu\u00ed do Curso de Meio Ambiente) para enfrentar o elevado \u00edndice de analfabetismo p<span class=\"text_exposed_show\">resente entre marisqueiras e pescadores da regi\u00e3o.<br \/>\nA finalidade do Projeto \u00e9 resgatar o direito \u00e0 educa\u00e7\u00e3o, que foi negado por diversos motivos, de jovens e adultos e promover a inser\u00e7\u00e3o no mundo letrado.<br \/>\nVale registrar que n\u00e3o precisa ser, necessariamente, pescador ou marisqueira para participar das aulas e os encontros ocorrem de segunda \u00e0 quinta-feira das 18h \u00e0s 20h no Centro Comunit\u00e1rio do Guaibim.<br \/>\nAs vezes inscri\u00e7\u00f5es est\u00e3o abertas at\u00e9 o final do m\u00eas de mar\u00e7o e os interessados, podem buscar informa\u00e7\u00f5es atrav\u00e9s do telefone:3641-5270 ou presencialmente no IF Baiano de Valen\u00e7a, junto ao Setor Pedag\u00f3gico (procurar Jamille, Jess\u00e9 ou K\u00e1tia) e Luiz Tatu\u00ed (Pescador do Guaibim e bolsista do Projeto).<\/span><\/p>\n<div class=\"text_exposed_show\">\n<p>Aguardamos voc\u00eas!<\/p>\n<p><a href=\"http:\/\/www.ifbaiano.edu.br\/unidades\/valenca\/files\/2018\/03\/CURSO-ALFAVBETIZA-PESCADORES.jpg\"><img decoding=\"async\" loading=\"lazy\" class=\"alignnone size-full wp-image-4911\" src=\"http:\/\/www.ifbaiano.edu.br\/unidades\/valenca\/files\/2018\/03\/CURSO-ALFAVBETIZA-PESCADORES.jpg\" alt=\"CURSO ALFAVBETIZA PESCADORES\" width=\"697\" height=\"923\" \/><\/a><\/p>\n<\/div>\n","protected":false},"excerpt":{"rendered":"<p>O Instituto Federal de Ci\u00eancia e Tecnologia Baiano est\u00e1 realizando, desde o m\u00eas de fevereiro, um Projeto de Extens\u00e3o destinado \u00e0 alfabetiza\u00e7\u00e3o de jovens e adultos no Distrito do Guaibim. O Projeto se intitula \u201cNa rede das letras: alfabetiza\u00e7\u00e3o de pescadores e marisqueiras do distrito do Guaibim\u201d e surgiu a partir de uma demanda apresentada [&hellip;]<\/p>\n","protected":false},"author":99,"featured_media":4911,"comment_status":"open","ping_status":"open","sticky":false,"template":"","format":"standard","meta":[],"categories":[5],"tags":[],"_links":{"self":[{"href":"https:\/\/www.ifbaiano.edu.br\/unidades\/valenca\/wp-json\/wp\/v2\/posts\/4910"}],"collection":[{"href":"https:\/\/www.ifbaiano.edu.br\/unidades\/valenca\/wp-json\/wp\/v2\/posts"}],"about":[{"href":"https:\/\/www.ifbaiano.edu.br\/unidades\/valenca\/wp-json\/wp\/v2\/types\/post"}],"author":[{"embeddable":true,"href":"https:\/\/www.ifbaiano.edu.br\/unidades\/valenca\/wp-json\/wp\/v2\/users\/99"}],"replies":[{"embeddable":true,"href":"https:\/\/www.ifbaiano.edu.br\/unidades\/valenca\/wp-json\/wp\/v2\/comments?post=4910"}],"version-history":[{"count":1,"href":"https:\/\/www.ifbaiano.edu.br\/unidades\/valenca\/wp-json\/wp\/v2\/posts\/4910\/revisions"}],"predecessor-version":[{"id":4912,"href":"https:\/\/www.ifbaiano.edu.br\/unidades\/valenca\/wp-json\/wp\/v2\/posts\/4910\/revisions\/4912"}],"wp:featuredmedia":[{"embeddable":true,"href":"https:\/\/www.ifbaiano.edu.br\/unidades\/valenca\/wp-json\/wp\/v2\/media\/4911"}],"wp:attachment":[{"href":"https:\/\/www.ifbaiano.edu.br\/unidades\/valenca\/wp-json\/wp\/v2\/media?parent=4910"}],"wp:term":[{"taxonomy":"category","embeddable":true,"href":"https:\/\/www.ifbaiano.edu.br\/unidades\/valenca\/wp-json\/wp\/v2\/categories?post=4910"},{"taxonomy":"post_tag","embeddable":true,"href":"https:\/\/www.ifbaiano.edu.br\/unidades\/valenca\/wp-json\/wp\/v2\/tags?post=4910"}],"curies":[{"name":"wp","href":"https:\/\/api.w.org\/{rel}","templated":true}]}}