{"id":4919,"date":"2018-04-12T13:41:47","date_gmt":"2018-04-12T13:41:47","guid":{"rendered":"http:\/\/www.ifbaiano.edu.br\/unidades\/valenca\/?p=4919"},"modified":"2018-04-12T13:41:47","modified_gmt":"2018-04-12T13:41:47","slug":"editaln-152018-programa-de-assistencia-e-inclusao-social-do-estudante-paise","status":"publish","type":"post","link":"https:\/\/www.ifbaiano.edu.br\/unidades\/valenca\/2018\/04\/12\/editaln-152018-programa-de-assistencia-e-inclusao-social-do-estudante-paise\/","title":{"rendered":"EDITALN\u00b0 15\/2018 &#8211; PROGRAMA DE ASSIST\u00caNCIA E INCLUS\u00c3O SOCIAL DO ESTUDANTE &#8211; PAISE"},"content":{"rendered":"<p>O Reitor Pro Tempore do Instituto Federal de Educa\u00e7\u00e3o, Ci\u00eancia e Tecnologia Baiano &#8211; IF Baiano, no uso de suas atribui\u00e7\u00f5es legais na forma do que disp\u00f5e a Lei n&#8221;. 11.892\/2008, considerando ainda a Lei n&#8221; 12.155\/2009, o Decreto n? 7.234\/2010, o Decreto n&#8221; 7.416\/2010 e a Resolu\u00e7\u00e3o N\u00b0 64, de 30 de novembro de 2016, que institui a Pol\u00edtica de Assist\u00eancia Estudantil no \u00e2mbito do IF Baiano, toma p\u00fablico o presente Edital que estabelece as normas e crit\u00e9rios para sele\u00e7\u00e3o de estudantes em vulnerabilidade socioecon\u00f4mica, de cursos presenciais e a dist\u00e2ncia, com a finalidade de participa\u00e7\u00e3o na Pol\u00edtica de Assist\u00eancia Estudantil deste Instituto, por meio do PAISE.<\/p>\n<p><a href=\"http:\/\/concurso.ifbaiano.edu.br\/portal\/paise-2018\/wp-content\/uploads\/sites\/146\/2018\/04\/Edital-n%C2%BA-15-2018-PAISE.pdf\">http:\/\/concurso.ifbaiano.edu.br\/portal\/paise-2018\/wp-content\/uploads\/sites\/146\/2018\/04\/Edital-n%C2%BA-15-2018-PAISE.pdf<\/a><\/p>\n<p><a href=\"http:\/\/www.ifbaiano.edu.br\/unidades\/valenca\/files\/2018\/04\/cronograma-paise-2018.pdf\">cronograma paise 2018<\/a><\/p>\n","protected":false},"excerpt":{"rendered":"<p>O Reitor Pro Tempore do Instituto Federal de Educa\u00e7\u00e3o, Ci\u00eancia e Tecnologia Baiano &#8211; IF Baiano, no uso de suas atribui\u00e7\u00f5es legais na forma do que disp\u00f5e a Lei n&#8221;. 11.892\/2008, considerando ainda a Lei n&#8221; 12.155\/2009, o Decreto n? 7.234\/2010, o Decreto n&#8221; 7.416\/2010 e a Resolu\u00e7\u00e3o N\u00b0 64, de 30 de novembro de [&hellip;]<\/p>\n","protected":false},"author":62,"featured_media":0,"comment_status":"open","ping_status":"open","sticky":false,"template":"","format":"standard","meta":[],"categories":[5],"tags":[],"_links":{"self":[{"href":"https:\/\/www.ifbaiano.edu.br\/unidades\/valenca\/wp-json\/wp\/v2\/posts\/4919"}],"collection":[{"href":"https:\/\/www.ifbaiano.edu.br\/unidades\/valenca\/wp-json\/wp\/v2\/posts"}],"about":[{"href":"https:\/\/www.ifbaiano.edu.br\/unidades\/valenca\/wp-json\/wp\/v2\/types\/post"}],"author":[{"embeddable":true,"href":"https:\/\/www.ifbaiano.edu.br\/unidades\/valenca\/wp-json\/wp\/v2\/users\/62"}],"replies":[{"embeddable":true,"href":"https:\/\/www.ifbaiano.edu.br\/unidades\/valenca\/wp-json\/wp\/v2\/comments?post=4919"}],"version-history":[{"count":1,"href":"https:\/\/www.ifbaiano.edu.br\/unidades\/valenca\/wp-json\/wp\/v2\/posts\/4919\/revisions"}],"predecessor-version":[{"id":4921,"href":"https:\/\/www.ifbaiano.edu.br\/unidades\/valenca\/wp-json\/wp\/v2\/posts\/4919\/revisions\/4921"}],"wp:attachment":[{"href":"https:\/\/www.ifbaiano.edu.br\/unidades\/valenca\/wp-json\/wp\/v2\/media?parent=4919"}],"wp:term":[{"taxonomy":"category","embeddable":true,"href":"https:\/\/www.ifbaiano.edu.br\/unidades\/valenca\/wp-json\/wp\/v2\/categories?post=4919"},{"taxonomy":"post_tag","embeddable":true,"href":"https:\/\/www.ifbaiano.edu.br\/unidades\/valenca\/wp-json\/wp\/v2\/tags?post=4919"}],"curies":[{"name":"wp","href":"https:\/\/api.w.org\/{rel}","templated":true}]}}