{"id":4935,"date":"2018-05-04T13:39:51","date_gmt":"2018-05-04T13:39:51","guid":{"rendered":"http:\/\/www.ifbaiano.edu.br\/unidades\/valenca\/?p=4935"},"modified":"2018-07-03T20:10:54","modified_gmt":"2018-07-03T20:10:54","slug":"if-baiano-oferta-735-vagas-em-cursos-tecnicos-subsequentes","status":"publish","type":"post","link":"https:\/\/www.ifbaiano.edu.br\/unidades\/valenca\/2018\/05\/04\/if-baiano-oferta-735-vagas-em-cursos-tecnicos-subsequentes\/","title":{"rendered":"Campus Valen\u00e7a oferta 95 vagas. Inscri\u00e7\u00f5es at\u00e9 18 de maio."},"content":{"rendered":"<div class=\"subtitulo-post\">\n<table border=\"0\" cellspacing=\"0\" cellpadding=\"0\" align=\"center\">\n<tbody>\n<tr>\n<td>\n<div>\n<div>\n<p class=\"western\">O Instituto Federal de Educa\u00e7\u00e3o, Ci\u00eancia e Tecnologia Baiano (IF Baiano) est\u00e1 ofertando 735 vagas em cursos t\u00e9cnicos, da forma de articula\u00e7\u00e3o subsequente ao ensino m\u00e9dio. A oportunidade \u00e9 para quem j\u00e1 concluiu o ensino m\u00e9dio, ou equivalente, e est\u00e1 em busca de forma\u00e7\u00e3o profissional.<\/p>\n<\/div>\n<\/div>\n<div>\n<p class=\"western\" align=\"JUSTIFY\">Do total de vagas ofertadas, 95 s\u00e3o para estudar no\u00a0<i>Campus<\/i>\u00a0Valen\u00e7a, nos cursos t\u00e9cnicos em Agropecu\u00e1ria e Meio Ambiente. As aulas\u00a0<span id=\"OBJ_PREFIX_DWT263_com_zimbra_date\" class=\"Object\"><span id=\"OBJ_PREFIX_DWT279_com_zimbra_date\" class=\"Object\">ter<\/span><\/span>\u00e3o in\u00edcio no per\u00edodo letivo 2018.2.<\/p>\n<p class=\"western\"><b>Inscri\u00e7\u00f5es<\/b><\/p>\n<p class=\"western\">Interessados podem se inscrever, gratuitamente, para o curso pretendido, no prazo de\u00a0<strong>3 a\u00a0<span id=\"OBJ_PREFIX_DWT264_com_zimbra_date\" class=\"Object\"><span id=\"OBJ_PREFIX_DWT280_com_zimbra_date\" class=\"Object\">18 de maio<\/span><\/span>\u00a0de 2018<\/strong>. O processo de inscri\u00e7\u00e3o se d\u00e1 em duas etapas: cadastro online, atrav\u00e9s do site\u00a0<strong><span id=\"OBJ_PREFIX_DWT265_com_zimbra_url\" class=\"Object\"><span id=\"OBJ_PREFIX_DWT281_com_zimbra_url\" class=\"Object\"><a href=\"http:\/\/concurso.ifbaiano.edu.br\/portal\/ingresso-de-estudantes-20182\/\" target=\"_blank\">ingresso.ifbaiano.edu.br<\/a><\/span><\/span><\/strong>,\u00a0e entrega da documenta\u00e7\u00e3o exigida no<i>campus<\/i>.<\/p>\n<p class=\"western\">Informa\u00e7\u00f5es completas sobre o processo de ingresso de estudantes 2018.2 podem ser obtidas no\u00a0<span id=\"OBJ_PREFIX_DWT266_com_zimbra_url\" class=\"Object\"><span id=\"OBJ_PREFIX_DWT282_com_zimbra_url\" class=\"Object\"><a href=\"http:\/\/concurso.ifbaiano.edu.br\/portal\/ingresso-de-estudantes-20182\/wp-content\/uploads\/sites\/152\/2018\/04\/Edital-n%C2%BA-31-de-2018-Ingresso-de-Estudantes-2018.2.pdf\" target=\"_blank\"><b>Edital<\/b><\/a><\/span><\/span><b><span id=\"OBJ_PREFIX_DWT267_com_zimbra_url\" class=\"Object\"><span id=\"OBJ_PREFIX_DWT283_com_zimbra_url\" class=\"Object\"><a href=\"http:\/\/concurso.ifbaiano.edu.br\/portal\/ingresso-de-estudantes-20182\/wp-content\/uploads\/sites\/152\/2018\/04\/Edital-n%C2%BA-31-de-2018-Ingresso-de-Estudantes-2018.2.pdf\" target=\"_blank\">\u00a031\/2018<\/a><\/span><\/span>,\u00a0<\/b>dispon\u00edvel na\u00a0<span id=\"OBJ_PREFIX_DWT268_com_zimbra_url\" class=\"Object\"><span id=\"OBJ_PREFIX_DWT284_com_zimbra_url\" class=\"Object\"><a href=\"http:\/\/concurso.ifbaiano.edu.br\/portal\/ingresso-de-estudantes-20182\/#\" target=\"_blank\">p\u00e1gina<\/a><\/span><\/span>\u00a0da sele\u00e7\u00e3o.<\/p>\n<p class=\"western\" align=\"JUSTIFY\"><b>Reserva de Vagas<\/b><\/p>\n<p class=\"western\" align=\"JUSTIFY\">O processo de ingresso de estudantes reserva 70% das vagas ofertadas para estudantes oriundos de Escola P\u00fablica, 25% para Ampla Concorr\u00eancia e 5% para Pessoas com Defici\u00eancia.<\/p>\n<p class=\"western\" align=\"JUSTIFY\"><b>Forma de classifica\u00e7\u00e3o\u00a0<\/b><\/p>\n<p class=\"western\" align=\"JUSTIFY\">N\u00e3o h\u00e1 prova no processo de ingresso de estudantes do IF Baiano. Para selecionar os aprovados, ser\u00e1 realizada an\u00e1lise de desempenho escolar dos candidatos. Dessa forma, no momento da inscri\u00e7\u00e3o, os candidatos informam as m\u00e9dias das disciplinas L\u00edngua Portuguesa e Matem\u00e1tica, obtidas no 1\u00ba e 2\u00ba ano do Ensino M\u00e9dio.<\/p>\n<\/div>\n<div>\n<div>\n<p class=\"western\" align=\"LEFT\"><b>Informa\u00e7\u00f5es:\u00a0\u00a0<\/b><\/p>\n<\/div>\n<\/div>\n<div>\n<p class=\"western\" align=\"LEFT\">IF Baiano\u00a0<i>Campus<\/i>\u00a0Valen\u00e7a\u00a0&#8211; Telefone:\u00a0<span id=\"OBJ_PREFIX_DWT269_com_zimbra_phone\" class=\"Object\"><a href=\"(73) 3239-2222\">(73) 3239-2222<\/a><\/span><\/p>\n<\/div>\n<\/td>\n<\/tr>\n<\/tbody>\n<\/table>\n<\/div>\n<div id=\"textoNoticia\">\n<div class=\"pf-content\">\n<p><a href=\"http:\/\/www.ifbaiano.edu.br\/unidades\/valenca\/files\/2018\/05\/IMG-20180427-WA0036.jpg\"><img decoding=\"async\" loading=\"lazy\" class=\"alignnone size-full wp-image-4934\" src=\"http:\/\/www.ifbaiano.edu.br\/unidades\/valenca\/files\/2018\/05\/IMG-20180427-WA0036.jpg\" alt=\"IMG-20180427-WA0036\" width=\"1000\" height=\"1000\" \/><\/a><\/p>\n<\/div>\n<\/div>\n","protected":false},"excerpt":{"rendered":"<p>O Instituto Federal de Educa\u00e7\u00e3o, Ci\u00eancia e Tecnologia Baiano (IF Baiano) est\u00e1 ofertando 735 vagas em cursos t\u00e9cnicos, da forma de articula\u00e7\u00e3o subsequente ao ensino m\u00e9dio. A oportunidade \u00e9 para quem j\u00e1 concluiu o ensino m\u00e9dio, ou equivalente, e est\u00e1 em busca de forma\u00e7\u00e3o profissional. Do total de vagas ofertadas, 95 s\u00e3o para estudar no\u00a0Campus\u00a0Valen\u00e7a, [&hellip;]<\/p>\n","protected":false},"author":99,"featured_media":0,"comment_status":"open","ping_status":"open","sticky":false,"template":"","format":"standard","meta":[],"categories":[5,9,1,63],"tags":[],"_links":{"self":[{"href":"https:\/\/www.ifbaiano.edu.br\/unidades\/valenca\/wp-json\/wp\/v2\/posts\/4935"}],"collection":[{"href":"https:\/\/www.ifbaiano.edu.br\/unidades\/valenca\/wp-json\/wp\/v2\/posts"}],"about":[{"href":"https:\/\/www.ifbaiano.edu.br\/unidades\/valenca\/wp-json\/wp\/v2\/types\/post"}],"author":[{"embeddable":true,"href":"https:\/\/www.ifbaiano.edu.br\/unidades\/valenca\/wp-json\/wp\/v2\/users\/99"}],"replies":[{"embeddable":true,"href":"https:\/\/www.ifbaiano.edu.br\/unidades\/valenca\/wp-json\/wp\/v2\/comments?post=4935"}],"version-history":[{"count":4,"href":"https:\/\/www.ifbaiano.edu.br\/unidades\/valenca\/wp-json\/wp\/v2\/posts\/4935\/revisions"}],"predecessor-version":[{"id":4941,"href":"https:\/\/www.ifbaiano.edu.br\/unidades\/valenca\/wp-json\/wp\/v2\/posts\/4935\/revisions\/4941"}],"wp:attachment":[{"href":"https:\/\/www.ifbaiano.edu.br\/unidades\/valenca\/wp-json\/wp\/v2\/media?parent=4935"}],"wp:term":[{"taxonomy":"category","embeddable":true,"href":"https:\/\/www.ifbaiano.edu.br\/unidades\/valenca\/wp-json\/wp\/v2\/categories?post=4935"},{"taxonomy":"post_tag","embeddable":true,"href":"https:\/\/www.ifbaiano.edu.br\/unidades\/valenca\/wp-json\/wp\/v2\/tags?post=4935"}],"curies":[{"name":"wp","href":"https:\/\/api.w.org\/{rel}","templated":true}]}}