{"id":4965,"date":"2018-06-07T17:40:53","date_gmt":"2018-06-07T17:40:53","guid":{"rendered":"http:\/\/www.ifbaiano.edu.br\/unidades\/valenca\/?p=4965"},"modified":"2018-07-03T19:48:50","modified_gmt":"2018-07-03T19:48:50","slug":"semana-do-meio-ambiente","status":"publish","type":"post","link":"https:\/\/www.ifbaiano.edu.br\/unidades\/valenca\/2018\/06\/07\/semana-do-meio-ambiente\/","title":{"rendered":"Semana do Meio Ambiente"},"content":{"rendered":"<p>Nos dias 08 e\u00a0<span id=\"OBJ_PREFIX_DWT558_com_zimbra_date\" class=\"Object\"><span id=\"OBJ_PREFIX_DWT597_com_zimbra_date\" class=\"Object\">09 de junho<\/span><\/span>\u00a0acontece a Semana do Meio Ambiente promovida pelo IF Baiano Campus Valen\u00e7a. Ser\u00e3o realizadas diversas atividades com o objetivo de promover o debate de temas relevantes como recupera\u00e7\u00e3o de \u00e1reas degradadas, biodiversidade e utiliza\u00e7\u00e3o de agrot\u00f3xicos. O p\u00fablico alvo s\u00e3o os alunos do Curso T\u00e9cnico em Meio Ambiente do IF Baiano.<\/p>\n<p>&nbsp;<\/p>\n<p><a href=\"http:\/\/www.ifbaiano.edu.br\/unidades\/valenca\/files\/2018\/06\/SEMANA_MEIO_AMBIENTE.jpg\"><img decoding=\"async\" loading=\"lazy\" class=\"alignnone size-full wp-image-4963\" src=\"http:\/\/www.ifbaiano.edu.br\/unidades\/valenca\/files\/2018\/06\/SEMANA_MEIO_AMBIENTE.jpg\" alt=\"SEMANA DO MEIO AMBIENTE\" width=\"1270\" height=\"859\" \/><\/a><\/p>\n","protected":false},"excerpt":{"rendered":"<p>Nos dias 08 e\u00a009 de junho\u00a0acontece a Semana do Meio Ambiente promovida pelo IF Baiano Campus Valen\u00e7a. Ser\u00e3o realizadas diversas atividades com o objetivo de promover o debate de temas relevantes como recupera\u00e7\u00e3o de \u00e1reas degradadas, biodiversidade e utiliza\u00e7\u00e3o de agrot\u00f3xicos. O p\u00fablico alvo s\u00e3o os alunos do Curso T\u00e9cnico em Meio Ambiente do IF [&hellip;]<\/p>\n","protected":false},"author":99,"featured_media":0,"comment_status":"open","ping_status":"open","sticky":false,"template":"","format":"standard","meta":[],"categories":[1,63],"tags":[],"_links":{"self":[{"href":"https:\/\/www.ifbaiano.edu.br\/unidades\/valenca\/wp-json\/wp\/v2\/posts\/4965"}],"collection":[{"href":"https:\/\/www.ifbaiano.edu.br\/unidades\/valenca\/wp-json\/wp\/v2\/posts"}],"about":[{"href":"https:\/\/www.ifbaiano.edu.br\/unidades\/valenca\/wp-json\/wp\/v2\/types\/post"}],"author":[{"embeddable":true,"href":"https:\/\/www.ifbaiano.edu.br\/unidades\/valenca\/wp-json\/wp\/v2\/users\/99"}],"replies":[{"embeddable":true,"href":"https:\/\/www.ifbaiano.edu.br\/unidades\/valenca\/wp-json\/wp\/v2\/comments?post=4965"}],"version-history":[{"count":3,"href":"https:\/\/www.ifbaiano.edu.br\/unidades\/valenca\/wp-json\/wp\/v2\/posts\/4965\/revisions"}],"predecessor-version":[{"id":4968,"href":"https:\/\/www.ifbaiano.edu.br\/unidades\/valenca\/wp-json\/wp\/v2\/posts\/4965\/revisions\/4968"}],"wp:attachment":[{"href":"https:\/\/www.ifbaiano.edu.br\/unidades\/valenca\/wp-json\/wp\/v2\/media?parent=4965"}],"wp:term":[{"taxonomy":"category","embeddable":true,"href":"https:\/\/www.ifbaiano.edu.br\/unidades\/valenca\/wp-json\/wp\/v2\/categories?post=4965"},{"taxonomy":"post_tag","embeddable":true,"href":"https:\/\/www.ifbaiano.edu.br\/unidades\/valenca\/wp-json\/wp\/v2\/tags?post=4965"}],"curies":[{"name":"wp","href":"https:\/\/api.w.org\/{rel}","templated":true}]}}