{"id":4973,"date":"2018-06-28T14:52:41","date_gmt":"2018-06-28T14:52:41","guid":{"rendered":"http:\/\/www.ifbaiano.edu.br\/unidades\/valenca\/?p=4973"},"modified":"2018-07-03T19:48:18","modified_gmt":"2018-07-03T19:48:18","slug":"bolsas-de-iniciacao-em-extensao","status":"publish","type":"post","link":"https:\/\/www.ifbaiano.edu.br\/unidades\/valenca\/2018\/06\/28\/bolsas-de-iniciacao-em-extensao\/","title":{"rendered":"Bolsas de Inicia\u00e7\u00e3o em Extens\u00e3o"},"content":{"rendered":"<div class=\"\">\n<div class=\"_1mf _1mj\">A Pr\u00f3-Reitoria de Extens\u00e3o do IF Baiano (Proex) lan\u00e7ou edital de sele\u00e7\u00e3o de projetos de extens\u00e3o para concess\u00e3o de aux\u00edlio financeiro e bolsas de inicia\u00e7\u00e3o em extens\u00e3o nas modalidades J\u00fanior e Superior.<\/div>\n<div class=\"_1mf _1mj\"><\/div>\n<\/div>\n<div class=\"\">\n<div class=\"_1mf _1mj\">A a\u00e7\u00e3o faz parte do Programa Institucional de Bolsas de Inicia\u00e7\u00e3o em Extens\u00e3o (PIBIEX) do IF Baiano e visa estimular os estudantes do ensino m\u00e9dio, t\u00e9cnico e superior a participar de atividades de extens\u00e3o profissional, cient\u00edfica e tecnol\u00f3gica, atrav\u00e9s do desenvolvimento de projetos.<\/div>\n<div class=\"_1mf _1mj\"><\/div>\n<\/div>\n<div class=\"\">\n<div class=\"_1mf _1mj\">Os projetos dever\u00e3o ser submetidos, no per\u00edodo de 3 a 23 de julho de 2018, conforme as modalidades:<\/div>\n<div class=\"_1mf _1mj\"><\/div>\n<\/div>\n<div class=\"\">\n<div class=\"_1mf _1mj\">&#8211; J\u00fanior: Projetos de estudantes dos cursos do ensino m\u00e9dio t\u00e9cnico.<\/div>\n<\/div>\n<div class=\"\">\n<div class=\"_1mf _1mj\">&#8211; Superior: Projetos de estudantes dos cursos de n\u00edvel superior.<\/div>\n<\/div>\n<div class=\"\"><\/div>\n<div class=\"\">\n<div class=\"_1mf _1mj\">Acesse a p\u00e1gina da sele\u00e7\u00e3o aqui:<\/div>\n<div class=\"_1mf _1mj\">http:\/\/concurso.ifbaiano.edu.br\/portal\/pibiex2018\/<\/div>\n<\/div>\n<p><a href=\"http:\/\/www.ifbaiano.edu.br\/unidades\/valenca\/files\/2018\/06\/pibiex-2018.jpg\"><img decoding=\"async\" loading=\"lazy\" class=\"alignnone size-full wp-image-4974\" src=\"http:\/\/www.ifbaiano.edu.br\/unidades\/valenca\/files\/2018\/06\/pibiex-2018.jpg\" alt=\"pibiex-2018\" width=\"1000\" height=\"1000\" \/><\/a><\/p>\n","protected":false},"excerpt":{"rendered":"<p>A Pr\u00f3-Reitoria de Extens\u00e3o do IF Baiano (Proex) lan\u00e7ou edital de sele\u00e7\u00e3o de projetos de extens\u00e3o para concess\u00e3o de aux\u00edlio financeiro e bolsas de inicia\u00e7\u00e3o em extens\u00e3o nas modalidades J\u00fanior e Superior. A a\u00e7\u00e3o faz parte do Programa Institucional de Bolsas de Inicia\u00e7\u00e3o em Extens\u00e3o (PIBIEX) do IF Baiano e visa estimular os estudantes do [&hellip;]<\/p>\n","protected":false},"author":99,"featured_media":0,"comment_status":"open","ping_status":"open","sticky":false,"template":"","format":"standard","meta":[],"categories":[5,1,63],"tags":[68,65,66,64,67,69],"_links":{"self":[{"href":"https:\/\/www.ifbaiano.edu.br\/unidades\/valenca\/wp-json\/wp\/v2\/posts\/4973"}],"collection":[{"href":"https:\/\/www.ifbaiano.edu.br\/unidades\/valenca\/wp-json\/wp\/v2\/posts"}],"about":[{"href":"https:\/\/www.ifbaiano.edu.br\/unidades\/valenca\/wp-json\/wp\/v2\/types\/post"}],"author":[{"embeddable":true,"href":"https:\/\/www.ifbaiano.edu.br\/unidades\/valenca\/wp-json\/wp\/v2\/users\/99"}],"replies":[{"embeddable":true,"href":"https:\/\/www.ifbaiano.edu.br\/unidades\/valenca\/wp-json\/wp\/v2\/comments?post=4973"}],"version-history":[{"count":4,"href":"https:\/\/www.ifbaiano.edu.br\/unidades\/valenca\/wp-json\/wp\/v2\/posts\/4973\/revisions"}],"predecessor-version":[{"id":4979,"href":"https:\/\/www.ifbaiano.edu.br\/unidades\/valenca\/wp-json\/wp\/v2\/posts\/4973\/revisions\/4979"}],"wp:attachment":[{"href":"https:\/\/www.ifbaiano.edu.br\/unidades\/valenca\/wp-json\/wp\/v2\/media?parent=4973"}],"wp:term":[{"taxonomy":"category","embeddable":true,"href":"https:\/\/www.ifbaiano.edu.br\/unidades\/valenca\/wp-json\/wp\/v2\/categories?post=4973"},{"taxonomy":"post_tag","embeddable":true,"href":"https:\/\/www.ifbaiano.edu.br\/unidades\/valenca\/wp-json\/wp\/v2\/tags?post=4973"}],"curies":[{"name":"wp","href":"https:\/\/api.w.org\/{rel}","templated":true}]}}