{"id":498,"date":"2011-08-31T11:47:31","date_gmt":"2011-08-31T11:47:31","guid":{"rendered":"http:\/\/www.ifbaiano.edu.br\/unidades\/valenca\/?p=498"},"modified":"2011-08-31T11:47:31","modified_gmt":"2011-08-31T11:47:31","slug":"modelo-de-avaliacao-do-estagio-probatorio-de-docentes-recebe-contribuicoes-ate-o-dia-0809","status":"publish","type":"post","link":"https:\/\/www.ifbaiano.edu.br\/unidades\/valenca\/2011\/08\/31\/modelo-de-avaliacao-do-estagio-probatorio-de-docentes-recebe-contribuicoes-ate-o-dia-0809\/","title":{"rendered":"Modelo de avalia\u00e7\u00e3o do Est\u00e1gio Probat\u00f3rio de docentes recebe contribui\u00e7\u00f5es at\u00e9 o dia 08\/09"},"content":{"rendered":"<p>A Diretoria de Gest\u00e3o de Pessoas e a Pr\u00f3-Reitoria de Ensino lan\u00e7aram um modelo de avalia\u00e7\u00e3o para os servidores docentes que se encontram no per\u00edodo de est\u00e1gio probat\u00f3rio. A proposta \u00e9 que a avalia\u00e7\u00e3o dos docentes se proceda como a j\u00e1 realizada pelos t\u00e9cnico-administrativos. At\u00e9 o dia 08\/09\/2011, os servidores poder\u00e3o enviar suas contribui\u00e7\u00f5es a fim de alterar, sugerir ou comentar sobre o modelo proposto.<\/p>\n<p>A avalia\u00e7\u00e3o visa o desenvolvimento do servidor e sua adapta\u00e7\u00e3o ao servi\u00e7o p\u00fablico. O modelo tamb\u00e9m considera os comportamentos e atitudes necess\u00e1rias ao bom desempenho do servidor previstos na Lei n\u00b0 8.112\/90.<\/p>\n<p>Est\u00e3o previstas tr\u00eas avalia\u00e7\u00f5es formais, realizadas ap\u00f3s o 10\u00ba, 20\u00ba e 30\u00ba meses de exerc\u00edcio, sendo a homologa\u00e7\u00e3o do resultado do est\u00e1gio realizada no trig\u00e9simo segundo m\u00eas de efetivo exerc\u00edcio.<\/p>\n<p>S\u00e3o crit\u00e9rios de avalia\u00e7\u00e3o a Assiduidade, a Disciplina, a Capacidade de Iniciativa, a Produtividade e a Responsabilidade. Ser\u00e3o constitu\u00eddas: uma<strong> <\/strong>Comiss\u00e3o Especial de Avalia\u00e7\u00e3o de Est\u00e1gio Probat\u00f3rio de cada <em>Campus <\/em>ou Reitoria, para implantar e gerir o sistema de avalia\u00e7\u00e3o; e, uma\u00a0Comiss\u00e3o Especial Geral de Avalia\u00e7\u00e3o de Est\u00e1gio Probat\u00f3rio, para homologar o est\u00e1gio.<\/p>\n<p><strong>Est\u00e1gio Probat\u00f3rio<\/strong> \u2013 De acordo com a norma vigente, o est\u00e1gio probat\u00f3rio \u00e9 o per\u00edodo dos tr\u00eas primeiros anos de efetivo exerc\u00edcio do servidor rec\u00e9m ingresso no servi\u00e7o p\u00fablico em virtude de aprova\u00e7\u00e3o em concurso p\u00fablico.<\/p>\n<p>O processo de avalia\u00e7\u00e3o do est\u00e1gio probat\u00f3rio dos servidores dar-se-\u00e1 no per\u00edodo de 36 (trinta e seis) meses. O \u00eaxito no desempenho do est\u00e1gio probat\u00f3rio \u00e9 fundamental para a obten\u00e7\u00e3o da estabilidade no servi\u00e7o p\u00fablico.<\/p>\n<p><strong>Envie suas contribui\u00e7\u00f5es at\u00e9 o dia 08\/09\/11 para: <\/strong><a href=\"mailto:nucap.dgp@ifbaiano.edu.br\">nucap.dgp@ifbaiano.edu.br<\/a><\/p>\n<p>Confira abaixo modelos e formul\u00e1rios propostos:<\/p>\n<p><a href=\"http:\/\/www.ifbaiano.edu.br\/portal\/wp-content\/uploads\/2011\/08\/FORMULARIO-DE-ESTAGIO-PROBATORIO-tec-e-doc.doc\">FORMUL\u00c1RIO DE EST\u00c1GIO PROBAT\u00d3RIO <\/a><\/p>\n<p><a href=\"http:\/\/www.ifbaiano.edu.br\/portal\/wp-content\/uploads\/2011\/08\/MANUAL_De-estagio-probatorio-Ifbaiano-tec-e-doc.doc\">MANUAL DE EST\u00c1GIO PROBAT\u00d3RIO<\/a><\/p>\n<p><a href=\"http:\/\/www.ifbaiano.edu.br\/portal\/wp-content\/uploads\/2011\/08\/nota-de-autorizacao-elis.doc\">Nota de Autoriza\u00e7\u00e3o<\/a><\/p>\n<p align=\"right\">Por Franciane Morais<\/p>\n<p>&nbsp;<\/p>\n","protected":false},"excerpt":{"rendered":"<p>A Diretoria de Gest\u00e3o de Pessoas e a Pr\u00f3-Reitoria de Ensino lan\u00e7aram um modelo de avalia\u00e7\u00e3o para os servidores docentes que se encontram no per\u00edodo de est\u00e1gio probat\u00f3rio. A proposta \u00e9 que a avalia\u00e7\u00e3o dos docentes se proceda como a j\u00e1 realizada pelos t\u00e9cnico-administrativos. At\u00e9 o dia 08\/09\/2011, os servidores poder\u00e3o enviar suas contribui\u00e7\u00f5es a [&hellip;]<\/p>\n","protected":false},"author":6,"featured_media":0,"comment_status":"open","ping_status":"open","sticky":false,"template":"","format":"standard","meta":[],"categories":[4,8],"tags":[],"_links":{"self":[{"href":"https:\/\/www.ifbaiano.edu.br\/unidades\/valenca\/wp-json\/wp\/v2\/posts\/498"}],"collection":[{"href":"https:\/\/www.ifbaiano.edu.br\/unidades\/valenca\/wp-json\/wp\/v2\/posts"}],"about":[{"href":"https:\/\/www.ifbaiano.edu.br\/unidades\/valenca\/wp-json\/wp\/v2\/types\/post"}],"author":[{"embeddable":true,"href":"https:\/\/www.ifbaiano.edu.br\/unidades\/valenca\/wp-json\/wp\/v2\/users\/6"}],"replies":[{"embeddable":true,"href":"https:\/\/www.ifbaiano.edu.br\/unidades\/valenca\/wp-json\/wp\/v2\/comments?post=498"}],"version-history":[{"count":2,"href":"https:\/\/www.ifbaiano.edu.br\/unidades\/valenca\/wp-json\/wp\/v2\/posts\/498\/revisions"}],"predecessor-version":[{"id":500,"href":"https:\/\/www.ifbaiano.edu.br\/unidades\/valenca\/wp-json\/wp\/v2\/posts\/498\/revisions\/500"}],"wp:attachment":[{"href":"https:\/\/www.ifbaiano.edu.br\/unidades\/valenca\/wp-json\/wp\/v2\/media?parent=498"}],"wp:term":[{"taxonomy":"category","embeddable":true,"href":"https:\/\/www.ifbaiano.edu.br\/unidades\/valenca\/wp-json\/wp\/v2\/categories?post=498"},{"taxonomy":"post_tag","embeddable":true,"href":"https:\/\/www.ifbaiano.edu.br\/unidades\/valenca\/wp-json\/wp\/v2\/tags?post=498"}],"curies":[{"name":"wp","href":"https:\/\/api.w.org\/{rel}","templated":true}]}}