{"id":4980,"date":"2018-07-03T19:43:50","date_gmt":"2018-07-03T19:43:50","guid":{"rendered":"http:\/\/www.ifbaiano.edu.br\/unidades\/valenca\/?p=4980"},"modified":"2018-07-03T20:08:59","modified_gmt":"2018-07-03T20:08:59","slug":"resultado-finla-do-processo-seletivo-2018-2","status":"publish","type":"post","link":"https:\/\/www.ifbaiano.edu.br\/unidades\/valenca\/2018\/07\/03\/resultado-finla-do-processo-seletivo-2018-2\/","title":{"rendered":"Resultado Final do Processo Seletivo 2018.2"},"content":{"rendered":"<p>Saiu o resultado final do PROCESSO SELETIVO 2018.2 do IF Baiano para Curso da Educa\u00e7\u00e3o Profissional T\u00e9cnica de N\u00edvel M\u00e9dio na forma Subsequente, conforme orienta\u00e7\u00f5es abaixo:<\/p>\n<p>&#8211; PER\u00cdODO DE MATR\u00cdCULA: 09 a 11 de julho de 2018.<br \/>\n&#8211; HOR\u00c1RIO: Das 08 h \u00e0s 21 h.<br \/>\n&#8211; LOCAL: IFBAIANO \u2013 CAMPUS VALEN\u00c7A \u2013 Rua Glic\u00e9rio Tavares s\/n \u2013 Bairro Bate Quente.<br \/>\n&#8211; SETOR: Secretaria de Registros Acad\u00eamicos (SRA)\/Contato: (75)3641-5270.<\/p>\n<p>&#8230;<\/p>\n<p>Confira a lista de selecionados para o Campus Valen\u00e7a:<\/p>\n<p><a href=\"http:\/\/www.ifbaiano.edu.br\/unidades\/valenca\/files\/2018\/07\/Resultado-Final-VALEN\u00c7A.pdf\">Resultado Final do Processo Seletivo 2018.2<\/a><\/p>\n<p>&#8230;<br \/>\nDOCUMENTA\u00c7\u00c3O PARA MATR\u00cdCULA<br \/>\na) original e c\u00f3pia da Carteira de Identidade;<br \/>\nb) original de c\u00f3pia de Cadastro de Pessoa F\u00edsica \u2013 CPF;<br \/>\nc) original e c\u00f3pia de Certid\u00e3o de Nascimento ou Casamento;<br \/>\nd) original e c\u00f3pia de T\u00edtulo de Eleitor e comprovante de quita\u00e7\u00e3o com a Justi\u00e7a Eleitoral,<br \/>\npara maiores de 18 anos;<br \/>\ne) original e c\u00f3pia de documento comprobat\u00f3rio de regularidade com o Servi\u00e7o Militar, para<br \/>\nos alunos a partir de 18 (dezoito) anos do sexo masculino;<br \/>\nf) Certificado de conclus\u00e3o ou Atestado de Conclus\u00e3o do ensino m\u00e9dio, emitido por<br \/>\nInstitui\u00e7\u00e3o Oficial de Ensino;<br \/>\ng) Hist\u00f3rico Escolar do Ensino M\u00e9dio emitido por Institui\u00e7\u00e3o Oficial de Ensino para os<br \/>\nalunos dos cursos na forma Subsequente;<br \/>\nj) Certifica\u00e7\u00e3o de Conclus\u00e3o do Ensino M\u00e9dio com base nas notas do Exame Nacional do<br \/>\nEnsino M\u00e9dio \u2013 ENEM, se for o caso;<br \/>\nk) 04 (quatro) fotos 3&#215;4 iguais, coloridas e recentes;<br \/>\nl) original e c\u00f3pia de comprovante de resid\u00eancia atualizado em nome do candidato ou do<br \/>\nrespons\u00e1vel;<br \/>\nm) original e c\u00f3pia de RG e CPF do respons\u00e1vel pela matr\u00edcula, se menor de 18 anos.<\/p>\n<p>Para inscri\u00e7\u00e3o online e maiores informa\u00e7\u00f5es acesse: http:\/\/concurso.ifbaiano.edu.br\/portal\/ingresso-de-estudantes-20182\/<\/p>\n<p>&nbsp;<\/p>\n<div id=\"attachment_4981\" style=\"width: 810px\" class=\"wp-caption alignnone\"><a href=\"http:\/\/www.ifbaiano.edu.br\/unidades\/valenca\/files\/2018\/07\/saiu-o-resultado04.png\"><img aria-describedby=\"caption-attachment-4981\" decoding=\"async\" loading=\"lazy\" class=\"size-full wp-image-4981\" src=\"http:\/\/www.ifbaiano.edu.br\/unidades\/valenca\/files\/2018\/07\/saiu-o-resultado04.png\" alt=\"Processo Seletivo 2018.2\" width=\"800\" height=\"800\" \/><\/a><p id=\"caption-attachment-4981\" class=\"wp-caption-text\">Processo Seletivo 2018.2<\/p><\/div>\n","protected":false},"excerpt":{"rendered":"<p>Saiu o resultado final do PROCESSO SELETIVO 2018.2 do IF Baiano para Curso da Educa\u00e7\u00e3o Profissional T\u00e9cnica de N\u00edvel M\u00e9dio na forma Subsequente, conforme orienta\u00e7\u00f5es abaixo: &#8211; PER\u00cdODO DE MATR\u00cdCULA: 09 a 11 de julho de 2018. &#8211; HOR\u00c1RIO: Das 08 h \u00e0s 21 h. &#8211; LOCAL: IFBAIANO \u2013 CAMPUS VALEN\u00c7A \u2013 Rua Glic\u00e9rio Tavares [&hellip;]<\/p>\n","protected":false},"author":99,"featured_media":0,"comment_status":"open","ping_status":"open","sticky":false,"template":"","format":"standard","meta":[],"categories":[5,9,63],"tags":[71,64,70,72],"_links":{"self":[{"href":"https:\/\/www.ifbaiano.edu.br\/unidades\/valenca\/wp-json\/wp\/v2\/posts\/4980"}],"collection":[{"href":"https:\/\/www.ifbaiano.edu.br\/unidades\/valenca\/wp-json\/wp\/v2\/posts"}],"about":[{"href":"https:\/\/www.ifbaiano.edu.br\/unidades\/valenca\/wp-json\/wp\/v2\/types\/post"}],"author":[{"embeddable":true,"href":"https:\/\/www.ifbaiano.edu.br\/unidades\/valenca\/wp-json\/wp\/v2\/users\/99"}],"replies":[{"embeddable":true,"href":"https:\/\/www.ifbaiano.edu.br\/unidades\/valenca\/wp-json\/wp\/v2\/comments?post=4980"}],"version-history":[{"count":7,"href":"https:\/\/www.ifbaiano.edu.br\/unidades\/valenca\/wp-json\/wp\/v2\/posts\/4980\/revisions"}],"predecessor-version":[{"id":4990,"href":"https:\/\/www.ifbaiano.edu.br\/unidades\/valenca\/wp-json\/wp\/v2\/posts\/4980\/revisions\/4990"}],"wp:attachment":[{"href":"https:\/\/www.ifbaiano.edu.br\/unidades\/valenca\/wp-json\/wp\/v2\/media?parent=4980"}],"wp:term":[{"taxonomy":"category","embeddable":true,"href":"https:\/\/www.ifbaiano.edu.br\/unidades\/valenca\/wp-json\/wp\/v2\/categories?post=4980"},{"taxonomy":"post_tag","embeddable":true,"href":"https:\/\/www.ifbaiano.edu.br\/unidades\/valenca\/wp-json\/wp\/v2\/tags?post=4980"}],"curies":[{"name":"wp","href":"https:\/\/api.w.org\/{rel}","templated":true}]}}