{"id":5020,"date":"2018-07-17T11:37:47","date_gmt":"2018-07-17T11:37:47","guid":{"rendered":"http:\/\/www.ifbaiano.edu.br\/unidades\/valenca\/?p=5020"},"modified":"2018-07-23T11:14:27","modified_gmt":"2018-07-23T11:14:27","slug":"vagas-remanescentes-ingresso-de-estudantes-2018-2","status":"publish","type":"post","link":"https:\/\/www.ifbaiano.edu.br\/unidades\/valenca\/2018\/07\/17\/vagas-remanescentes-ingresso-de-estudantes-2018-2\/","title":{"rendered":"Vagas Remanescentes &#8211; Ingresso de Estudantes 2018.2"},"content":{"rendered":"<p>Est\u00e3o abertas inscri\u00e7\u00f5es, no per\u00edodo entre <strong>17 e 19 de julho<\/strong> de 2018, para provimento de vagas remanescentes do processo seletivo regido pelo edital 71\/2016 por meio de manifesta\u00e7\u00e3o de interesse na vaga diretamente no campus, no curso <strong>T\u00e9cnico em Agropecu\u00e1ria Subsequente<\/strong> (matutino) e Curso <strong>T\u00e9cnico em Meio Ambiente Subsequente<\/strong> (vespertino e noturno), para o primeiro per\u00edodo letivo de 2018.2.<\/p>\n<p>Consulte aqui o <a href=\"http:\/\/www.ifbaiano.edu.br\/unidades\/valenca\/files\/2018\/07\/Edital-n\u00ba-08-Vagas-Remanescentes-VALEN\u00c7A.pdf\" target=\"_blank\">Edital n\u00ba 08 &#8211; Vagas Remanescentes<\/a>.<\/p>\n","protected":false},"excerpt":{"rendered":"<p>A sele\u00e7\u00e3o para provimento das vagas ocorre por meio de manifesta\u00e7\u00e3o presencial de interesse diretamente no Campus Valen\u00e7a, onde o curso \u00e9 ofertado.<\/p>\n","protected":false},"author":74,"featured_media":5022,"comment_status":"open","ping_status":"open","sticky":false,"template":"","format":"standard","meta":[],"categories":[5,63],"tags":[],"_links":{"self":[{"href":"https:\/\/www.ifbaiano.edu.br\/unidades\/valenca\/wp-json\/wp\/v2\/posts\/5020"}],"collection":[{"href":"https:\/\/www.ifbaiano.edu.br\/unidades\/valenca\/wp-json\/wp\/v2\/posts"}],"about":[{"href":"https:\/\/www.ifbaiano.edu.br\/unidades\/valenca\/wp-json\/wp\/v2\/types\/post"}],"author":[{"embeddable":true,"href":"https:\/\/www.ifbaiano.edu.br\/unidades\/valenca\/wp-json\/wp\/v2\/users\/74"}],"replies":[{"embeddable":true,"href":"https:\/\/www.ifbaiano.edu.br\/unidades\/valenca\/wp-json\/wp\/v2\/comments?post=5020"}],"version-history":[{"count":4,"href":"https:\/\/www.ifbaiano.edu.br\/unidades\/valenca\/wp-json\/wp\/v2\/posts\/5020\/revisions"}],"predecessor-version":[{"id":5029,"href":"https:\/\/www.ifbaiano.edu.br\/unidades\/valenca\/wp-json\/wp\/v2\/posts\/5020\/revisions\/5029"}],"wp:featuredmedia":[{"embeddable":true,"href":"https:\/\/www.ifbaiano.edu.br\/unidades\/valenca\/wp-json\/wp\/v2\/media\/5022"}],"wp:attachment":[{"href":"https:\/\/www.ifbaiano.edu.br\/unidades\/valenca\/wp-json\/wp\/v2\/media?parent=5020"}],"wp:term":[{"taxonomy":"category","embeddable":true,"href":"https:\/\/www.ifbaiano.edu.br\/unidades\/valenca\/wp-json\/wp\/v2\/categories?post=5020"},{"taxonomy":"post_tag","embeddable":true,"href":"https:\/\/www.ifbaiano.edu.br\/unidades\/valenca\/wp-json\/wp\/v2\/tags?post=5020"}],"curies":[{"name":"wp","href":"https:\/\/api.w.org\/{rel}","templated":true}]}}