{"id":5024,"date":"2018-07-20T17:23:49","date_gmt":"2018-07-20T17:23:49","guid":{"rendered":"http:\/\/www.ifbaiano.edu.br\/unidades\/valenca\/?p=5024"},"modified":"2018-08-14T11:57:05","modified_gmt":"2018-08-14T11:57:05","slug":"campus-valenca-oferece-30-vagas-para-especializacao","status":"publish","type":"post","link":"https:\/\/www.ifbaiano.edu.br\/unidades\/valenca\/2018\/07\/20\/campus-valenca-oferece-30-vagas-para-especializacao\/","title":{"rendered":"Campus Valen\u00e7a oferece 30 vagas para especializa\u00e7\u00e3o"},"content":{"rendered":"<p>A partir do dia 03 de agosto, estar\u00e3o abertas as inscri\u00e7\u00f5es para o processo seletivo da especializa\u00e7\u00e3o em Meio Ambiente e Agroecologia no Campus Valen\u00e7a.<\/p>\n<p>O curso \u00e9 destinado aos graduados em curso superior reconhecido pelo Minist\u00e9rio da Educa\u00e7\u00e3o e Cultura (MEC), em qualquer \u00e1rea do conhecimento e que trabalham ou possuem interesse em atuar na \u00e1rea de Meio Ambiente e Agroecologia.<\/p>\n<p>Mais informa\u00e7\u00f5es no <a href=\"http:\/\/concurso.ifbaiano.edu.br\/portal\/pos-meio-ambiente-e-agroecologia-valenca-2018\/\" target=\"_blank\">Edital <\/a>que disp\u00f5es sobre o processo seletivo.<\/p>\n","protected":false},"excerpt":{"rendered":"<p>O curso \u00e9 destinado aos graduados em qualquer \u00e1rea do conhecimento.<\/p>\n","protected":false},"author":102,"featured_media":5025,"comment_status":"open","ping_status":"open","sticky":false,"template":"","format":"standard","meta":[],"categories":[5,1,63],"tags":[],"_links":{"self":[{"href":"https:\/\/www.ifbaiano.edu.br\/unidades\/valenca\/wp-json\/wp\/v2\/posts\/5024"}],"collection":[{"href":"https:\/\/www.ifbaiano.edu.br\/unidades\/valenca\/wp-json\/wp\/v2\/posts"}],"about":[{"href":"https:\/\/www.ifbaiano.edu.br\/unidades\/valenca\/wp-json\/wp\/v2\/types\/post"}],"author":[{"embeddable":true,"href":"https:\/\/www.ifbaiano.edu.br\/unidades\/valenca\/wp-json\/wp\/v2\/users\/102"}],"replies":[{"embeddable":true,"href":"https:\/\/www.ifbaiano.edu.br\/unidades\/valenca\/wp-json\/wp\/v2\/comments?post=5024"}],"version-history":[{"count":3,"href":"https:\/\/www.ifbaiano.edu.br\/unidades\/valenca\/wp-json\/wp\/v2\/posts\/5024\/revisions"}],"predecessor-version":[{"id":5063,"href":"https:\/\/www.ifbaiano.edu.br\/unidades\/valenca\/wp-json\/wp\/v2\/posts\/5024\/revisions\/5063"}],"wp:featuredmedia":[{"embeddable":true,"href":"https:\/\/www.ifbaiano.edu.br\/unidades\/valenca\/wp-json\/wp\/v2\/media\/5025"}],"wp:attachment":[{"href":"https:\/\/www.ifbaiano.edu.br\/unidades\/valenca\/wp-json\/wp\/v2\/media?parent=5024"}],"wp:term":[{"taxonomy":"category","embeddable":true,"href":"https:\/\/www.ifbaiano.edu.br\/unidades\/valenca\/wp-json\/wp\/v2\/categories?post=5024"},{"taxonomy":"post_tag","embeddable":true,"href":"https:\/\/www.ifbaiano.edu.br\/unidades\/valenca\/wp-json\/wp\/v2\/tags?post=5024"}],"curies":[{"name":"wp","href":"https:\/\/api.w.org\/{rel}","templated":true}]}}