{"id":5031,"date":"2018-07-26T20:01:36","date_gmt":"2018-07-26T20:01:36","guid":{"rendered":"http:\/\/www.ifbaiano.edu.br\/unidades\/valenca\/?p=5031"},"modified":"2018-08-14T11:56:35","modified_gmt":"2018-08-14T11:56:35","slug":"aviso-de-chamada-publica","status":"publish","type":"post","link":"https:\/\/www.ifbaiano.edu.br\/unidades\/valenca\/2018\/07\/26\/aviso-de-chamada-publica\/","title":{"rendered":"Aviso de Chamada P\u00fablica"},"content":{"rendered":"<p>O Instituto Federal &#8211; Campus Valen\u00e7a torna p\u00fablico, para conhecimento dos interessados, que realizar\u00e1 a\u00a0<strong>CHAMADA P\u00daBLICA\u00a0<\/strong> <strong>n\u00ba 01\/2018<\/strong>.<\/p>\n<p><strong>Objeto:<\/strong> aquisi\u00e7\u00e3o de g\u00eaneros aliment\u00edcios da agricultura familiar para atendimento ao Programa Nacional de Alimenta\u00e7\u00e3o Escolar &#8211; PNAE, conforme as pe\u00e7as t\u00e9cnicas constantes no instrumento convocat\u00f3rio e seus anexos, partes integrantes desta <strong>CHAMADA P\u00daBLICA<\/strong>. O Edital encontra-se dispon\u00edvel na sede do campus e no s\u00edtio do <a href=\"http:\/\/www.ifbaiano.edu.br\/unidades\/valenca\/\">Campus Valen\u00e7a<\/a>.<\/p>\n<p><strong>Sess\u00e3o de Abertura:<\/strong> 21\/08\/2018, \u00e0s 09h (hor\u00e1rio local), na sede do Instituto Federal Baiano &#8211; Campus Valen\u00e7a, na rua Glic\u00e9rio Tavares, s\/n, Bate Quente, CEP: 45400-000, Valen\u00e7a &#8211; Bahia.<\/p>\n<p>&nbsp;<\/p>\n<p><a href=\"http:\/\/www.ifbaiano.edu.br\/unidades\/valenca\/files\/2018\/07\/Edital-de-Chamada-P\u00a3blica-01.2018-ok.doc\" target=\"_blank\">Edital de Chamada P\u00fablica 01.2018\u00a0<\/a><\/p>\n<p><a href=\"http:\/\/www.ifbaiano.edu.br\/unidades\/valenca\/files\/2018\/07\/1-Anexo-I-Especificac\u0327o\u0303es-termo-Alterado.odt\" target=\"_blank\">1 Anexo I &#8211; Especificac\u0327o\u0303es (termo)<\/a><\/p>\n<p><a href=\"http:\/\/www.ifbaiano.edu.br\/unidades\/valenca\/files\/2018\/07\/2-Anexo-II-Projeto-de-Vendas-ok.doc\" target=\"_blank\">2 Anexo II &#8211; Projeto de Vendas<\/a><\/p>\n<p><a href=\"http:\/\/www.ifbaiano.edu.br\/unidades\/valenca\/files\/2018\/07\/3-Anexo-III-Declaraa\u0301\u2206o-de-Origem-dos-Produtos.-okdoc.doc\" target=\"_blank\">3 Anexo III- Declara\u00e7\u00e3o de Origem dos Produtos. doc<\/a><\/p>\n<p><a href=\"http:\/\/www.ifbaiano.edu.br\/unidades\/valenca\/files\/2018\/07\/4-Anexo-IV-Modelo-de-Termo-de-Recebimento-ok.doc\" target=\"_blank\">4 Anexo IV &#8211; Modelo de Termo de Recebimento<\/a><\/p>\n<p><a href=\"http:\/\/www.ifbaiano.edu.br\/unidades\/valenca\/files\/2018\/07\/5-Anexo-V-Minuta-do-Contrato-OK-.doc\" target=\"_blank\">5 Anexo V &#8211; Minuta do Contrato\u00a0<\/a><\/p>\n<p><a href=\"http:\/\/www.ifbaiano.edu.br\/unidades\/valenca\/files\/2018\/07\/6-Anexo-VI-Modelo-de-Declaraa\u0301\u2206o-do-Controle-do-Limite-Individual-de-Vendas.doc\" target=\"_blank\">6 Anexo VI Modelo de Declara\u00e7\u00e3o do Controle do Limite Individual de Vendas<\/a><\/p>\n<p>&nbsp;<\/p>\n<p>&nbsp;<\/p>\n","protected":false},"excerpt":{"rendered":"<p>O Instituto Federal &#8211; Campus Valen\u00e7a torna p\u00fablico, para conhecimento dos interessados, que realizar\u00e1 a\u00a0CHAMADA P\u00daBLICA\u00a0 n\u00ba 01\/2018. Objeto: aquisi\u00e7\u00e3o de g\u00eaneros aliment\u00edcios da agricultura familiar para atendimento ao Programa Nacional de Alimenta\u00e7\u00e3o Escolar &#8211; PNAE, conforme as pe\u00e7as t\u00e9cnicas constantes no instrumento convocat\u00f3rio e seus anexos, partes integrantes desta CHAMADA P\u00daBLICA. O Edital encontra-se [&hellip;]<\/p>\n","protected":false},"author":99,"featured_media":0,"comment_status":"open","ping_status":"open","sticky":false,"template":"","format":"standard","meta":[],"categories":[33,5],"tags":[],"_links":{"self":[{"href":"https:\/\/www.ifbaiano.edu.br\/unidades\/valenca\/wp-json\/wp\/v2\/posts\/5031"}],"collection":[{"href":"https:\/\/www.ifbaiano.edu.br\/unidades\/valenca\/wp-json\/wp\/v2\/posts"}],"about":[{"href":"https:\/\/www.ifbaiano.edu.br\/unidades\/valenca\/wp-json\/wp\/v2\/types\/post"}],"author":[{"embeddable":true,"href":"https:\/\/www.ifbaiano.edu.br\/unidades\/valenca\/wp-json\/wp\/v2\/users\/99"}],"replies":[{"embeddable":true,"href":"https:\/\/www.ifbaiano.edu.br\/unidades\/valenca\/wp-json\/wp\/v2\/comments?post=5031"}],"version-history":[{"count":14,"href":"https:\/\/www.ifbaiano.edu.br\/unidades\/valenca\/wp-json\/wp\/v2\/posts\/5031\/revisions"}],"predecessor-version":[{"id":5082,"href":"https:\/\/www.ifbaiano.edu.br\/unidades\/valenca\/wp-json\/wp\/v2\/posts\/5031\/revisions\/5082"}],"wp:attachment":[{"href":"https:\/\/www.ifbaiano.edu.br\/unidades\/valenca\/wp-json\/wp\/v2\/media?parent=5031"}],"wp:term":[{"taxonomy":"category","embeddable":true,"href":"https:\/\/www.ifbaiano.edu.br\/unidades\/valenca\/wp-json\/wp\/v2\/categories?post=5031"},{"taxonomy":"post_tag","embeddable":true,"href":"https:\/\/www.ifbaiano.edu.br\/unidades\/valenca\/wp-json\/wp\/v2\/tags?post=5031"}],"curies":[{"name":"wp","href":"https:\/\/api.w.org\/{rel}","templated":true}]}}