{"id":5066,"date":"2018-08-13T18:03:40","date_gmt":"2018-08-13T18:03:40","guid":{"rendered":"http:\/\/www.ifbaiano.edu.br\/unidades\/valenca\/?p=5066"},"modified":"2018-08-14T12:00:21","modified_gmt":"2018-08-14T12:00:21","slug":"inscricoes-para-paise-2018-2","status":"publish","type":"post","link":"https:\/\/www.ifbaiano.edu.br\/unidades\/valenca\/2018\/08\/13\/inscricoes-para-paise-2018-2\/","title":{"rendered":"Inscri\u00e7\u00f5es para PAISE 2018.2"},"content":{"rendered":"<p>Est\u00e3o abertas as inscri\u00e7\u00f5es para o PAISE (Programa de Assist\u00eancia e Inclus\u00e3o Social do Estudante) 2018.2 Campus Valen\u00e7a at\u00e9 o dia 20\/08, para estudantes de todas as modalidades do campus. O Programa \u00e9 destinado a estudantes regularmente matriculados, com frequ\u00eancia regular, e com renda per capita de at\u00e9 um sal\u00e1rio m\u00ednimo e meio.<\/p>\n<p><a href=\"http:\/\/www.ifbaiano.edu.br\/unidades\/valenca\/files\/2018\/08\/Edital-n\u00ba-15-2018-PAISE.pdf\" target=\"_blank\">Edital-n\u00ba-15-2018-PAISE<\/a><\/p>\n<p><a href=\"http:\/\/www.ifbaiano.edu.br\/unidades\/valenca\/files\/2018\/08\/20180809173126439.pdf\" target=\"_blank\">Distribui\u00e7\u00e3o das Vagas e Valores 2018.2<\/a><\/p>\n","protected":false},"excerpt":{"rendered":"<p>Inscreva-se at\u00e9 o dia 20\/08\/18.<\/p>\n","protected":false},"author":99,"featured_media":5083,"comment_status":"open","ping_status":"open","sticky":false,"template":"","format":"standard","meta":[],"categories":[5,35],"tags":[],"_links":{"self":[{"href":"https:\/\/www.ifbaiano.edu.br\/unidades\/valenca\/wp-json\/wp\/v2\/posts\/5066"}],"collection":[{"href":"https:\/\/www.ifbaiano.edu.br\/unidades\/valenca\/wp-json\/wp\/v2\/posts"}],"about":[{"href":"https:\/\/www.ifbaiano.edu.br\/unidades\/valenca\/wp-json\/wp\/v2\/types\/post"}],"author":[{"embeddable":true,"href":"https:\/\/www.ifbaiano.edu.br\/unidades\/valenca\/wp-json\/wp\/v2\/users\/99"}],"replies":[{"embeddable":true,"href":"https:\/\/www.ifbaiano.edu.br\/unidades\/valenca\/wp-json\/wp\/v2\/comments?post=5066"}],"version-history":[{"count":13,"href":"https:\/\/www.ifbaiano.edu.br\/unidades\/valenca\/wp-json\/wp\/v2\/posts\/5066\/revisions"}],"predecessor-version":[{"id":5081,"href":"https:\/\/www.ifbaiano.edu.br\/unidades\/valenca\/wp-json\/wp\/v2\/posts\/5066\/revisions\/5081"}],"wp:featuredmedia":[{"embeddable":true,"href":"https:\/\/www.ifbaiano.edu.br\/unidades\/valenca\/wp-json\/wp\/v2\/media\/5083"}],"wp:attachment":[{"href":"https:\/\/www.ifbaiano.edu.br\/unidades\/valenca\/wp-json\/wp\/v2\/media?parent=5066"}],"wp:term":[{"taxonomy":"category","embeddable":true,"href":"https:\/\/www.ifbaiano.edu.br\/unidades\/valenca\/wp-json\/wp\/v2\/categories?post=5066"},{"taxonomy":"post_tag","embeddable":true,"href":"https:\/\/www.ifbaiano.edu.br\/unidades\/valenca\/wp-json\/wp\/v2\/tags?post=5066"}],"curies":[{"name":"wp","href":"https:\/\/api.w.org\/{rel}","templated":true}]}}