{"id":5118,"date":"2018-09-06T12:32:41","date_gmt":"2018-09-06T12:32:41","guid":{"rendered":"http:\/\/www.ifbaiano.edu.br\/unidades\/valenca\/?p=5118"},"modified":"2018-09-21T18:59:12","modified_gmt":"2018-09-21T18:59:12","slug":"resultado-preliminar-paise-2018-2","status":"publish","type":"post","link":"https:\/\/www.ifbaiano.edu.br\/unidades\/valenca\/2018\/09\/06\/resultado-preliminar-paise-2018-2\/","title":{"rendered":"Resultado preliminar PAISE 2018.2"},"content":{"rendered":"<p>Foi publicada na tarde do dia 04\/09 a lista com os estudantes pr\u00e9-selecionados para o PAISE 2018.2 do campus Valen\u00e7a. Quem desejar entrar com recurso, tem at\u00e9 as 17h do dia\u00a0<span id=\"OBJ_PREFIX_DWT294_com_zimbra_date\" class=\"Object\"><span id=\"OBJ_PREFIX_DWT295_com_zimbra_date\" class=\"Object\">06\/09\/18<\/span><\/span>\u00a0para faz\u00ea-lo pessoalmente, atrav\u00e9s de formul\u00e1rio anexo ao Edital n\u00ba15\/2018 (abaixo), na sala da Assistente Social.Para maiores esclarecimentos, procurar o setor respons\u00e1vel.<\/p>\n<p><a href=\"http:\/\/www.ifbaiano.edu.br\/unidades\/valenca\/files\/2018\/09\/20180905173410987.pdf\" target=\"_blank\">Formul\u00e1rio<\/a><\/p>\n","protected":false},"excerpt":{"rendered":"<p>Confira a lista com os estudantes pr\u00e9-selecionados para o PAISE 2018.2 do campus Valen\u00e7a<\/p>\n","protected":false},"author":99,"featured_media":0,"comment_status":"open","ping_status":"open","sticky":false,"template":"","format":"standard","meta":[],"categories":[1,63],"tags":[],"_links":{"self":[{"href":"https:\/\/www.ifbaiano.edu.br\/unidades\/valenca\/wp-json\/wp\/v2\/posts\/5118"}],"collection":[{"href":"https:\/\/www.ifbaiano.edu.br\/unidades\/valenca\/wp-json\/wp\/v2\/posts"}],"about":[{"href":"https:\/\/www.ifbaiano.edu.br\/unidades\/valenca\/wp-json\/wp\/v2\/types\/post"}],"author":[{"embeddable":true,"href":"https:\/\/www.ifbaiano.edu.br\/unidades\/valenca\/wp-json\/wp\/v2\/users\/99"}],"replies":[{"embeddable":true,"href":"https:\/\/www.ifbaiano.edu.br\/unidades\/valenca\/wp-json\/wp\/v2\/comments?post=5118"}],"version-history":[{"count":3,"href":"https:\/\/www.ifbaiano.edu.br\/unidades\/valenca\/wp-json\/wp\/v2\/posts\/5118\/revisions"}],"predecessor-version":[{"id":5135,"href":"https:\/\/www.ifbaiano.edu.br\/unidades\/valenca\/wp-json\/wp\/v2\/posts\/5118\/revisions\/5135"}],"wp:attachment":[{"href":"https:\/\/www.ifbaiano.edu.br\/unidades\/valenca\/wp-json\/wp\/v2\/media?parent=5118"}],"wp:term":[{"taxonomy":"category","embeddable":true,"href":"https:\/\/www.ifbaiano.edu.br\/unidades\/valenca\/wp-json\/wp\/v2\/categories?post=5118"},{"taxonomy":"post_tag","embeddable":true,"href":"https:\/\/www.ifbaiano.edu.br\/unidades\/valenca\/wp-json\/wp\/v2\/tags?post=5118"}],"curies":[{"name":"wp","href":"https:\/\/api.w.org\/{rel}","templated":true}]}}