{"id":5123,"date":"2018-09-21T18:35:54","date_gmt":"2018-09-21T18:35:54","guid":{"rendered":"http:\/\/www.ifbaiano.edu.br\/unidades\/valenca\/?p=5123"},"modified":"2018-09-21T18:57:04","modified_gmt":"2018-09-21T18:57:04","slug":"semana-nacional-de-ciencia-e-tecnologia-2018","status":"publish","type":"post","link":"https:\/\/www.ifbaiano.edu.br\/unidades\/valenca\/2018\/09\/21\/semana-nacional-de-ciencia-e-tecnologia-2018\/","title":{"rendered":"Semana Nacional de Ci\u00eancia e Tecnologia 2018"},"content":{"rendered":"<p>A SNCT 2018, a realizar-se no munic\u00edpio de Valen\u00e7a no per\u00edodo de 15 e\u00a0<span id=\"OBJ_PREFIX_DWT333_com_zimbra_date\" class=\"Object\"><span id=\"OBJ_PREFIX_DWT349_com_zimbra_date\" class=\"Object\">20 de outubro<\/span><\/span>, est\u00e1 sob a coordena\u00e7\u00e3o do Instituto Federal Baiano &#8211; IFBaiano Campus Valen\u00e7a e visa fomentar os usos sociais da ci\u00eancia e da tecnologia de modo a favorecer a socializa\u00e7\u00e3o das diferentes possibilidades de combate \u00e0 desigualdade social a partir da populariza\u00e7\u00e3o e da divulga\u00e7\u00e3o da ci\u00eancia e da tecnologia.<\/p>\n<p>A programa\u00e7\u00e3o disp\u00f5e de atividades diversificadas, \u00a0integrando eventos t\u00e9cnico-cient\u00edficos, manifesta\u00e7\u00f5es culturais, a\u00e7\u00f5es empreendedoras, a\u00e7\u00f5es sociais, fortalecimento de conhecimentos tradicionais, utiliza\u00e7\u00e3o de ferramentas agroecologicas, sustent\u00e1veis e de contato com a natureza que buscam cultivar, neste primeiro ano de realiza\u00e7\u00e3o da SNCT na regi\u00e3o de Valen\u00e7a e Cairu, o esp\u00edrito inovador e empreendedor no desenvolvimento de suas atividades cotidianas.<\/p>\n<p>Acesse o link, conhe\u00e7a a programa\u00e7\u00e3o e participe!<\/p>\n<p><span id=\"OBJ_PREFIX_DWT334_com_zimbra_url\" class=\"Object\"><span id=\"OBJ_PREFIX_DWT350_com_zimbra_url\" class=\"Object\"><a href=\"https:\/\/www.even3.com.br\/ISNCTcampusvalenca\" target=\"_blank\">https:\/\/www.even3.com.br\/ISNCTcampusvalenca<\/a><\/span><\/span><\/p>\n<p>&nbsp;<\/p>\n<p><a href=\"http:\/\/www.ifbaiano.edu.br\/unidades\/valenca\/files\/2018\/09\/card-semana-ciencia-tecnologia-01.png\"><img decoding=\"async\" loading=\"lazy\" class=\"alignnone size-full wp-image-5126\" src=\"http:\/\/www.ifbaiano.edu.br\/unidades\/valenca\/files\/2018\/09\/card-semana-ciencia-tecnologia-01.png\" alt=\"card semana ciencia tecnologia-01\" width=\"1667\" height=\"1667\" \/><\/a><\/p>\n","protected":false},"excerpt":{"rendered":"<p>A SNCT 2018, a realizar-se no munic\u00edpio de Valen\u00e7a no per\u00edodo de 15 e\u00a020 de outubro, est\u00e1 sob a coordena\u00e7\u00e3o do Instituto Federal Baiano &#8211; IFBaiano Campus Valen\u00e7a e visa fomentar os usos sociais da ci\u00eancia e da tecnologia de modo a favorecer a socializa\u00e7\u00e3o das diferentes possibilidades de combate \u00e0 desigualdade social a partir [&hellip;]<\/p>\n","protected":false},"author":99,"featured_media":5134,"comment_status":"open","ping_status":"open","sticky":false,"template":"","format":"standard","meta":[],"categories":[63],"tags":[],"_links":{"self":[{"href":"https:\/\/www.ifbaiano.edu.br\/unidades\/valenca\/wp-json\/wp\/v2\/posts\/5123"}],"collection":[{"href":"https:\/\/www.ifbaiano.edu.br\/unidades\/valenca\/wp-json\/wp\/v2\/posts"}],"about":[{"href":"https:\/\/www.ifbaiano.edu.br\/unidades\/valenca\/wp-json\/wp\/v2\/types\/post"}],"author":[{"embeddable":true,"href":"https:\/\/www.ifbaiano.edu.br\/unidades\/valenca\/wp-json\/wp\/v2\/users\/99"}],"replies":[{"embeddable":true,"href":"https:\/\/www.ifbaiano.edu.br\/unidades\/valenca\/wp-json\/wp\/v2\/comments?post=5123"}],"version-history":[{"count":4,"href":"https:\/\/www.ifbaiano.edu.br\/unidades\/valenca\/wp-json\/wp\/v2\/posts\/5123\/revisions"}],"predecessor-version":[{"id":5132,"href":"https:\/\/www.ifbaiano.edu.br\/unidades\/valenca\/wp-json\/wp\/v2\/posts\/5123\/revisions\/5132"}],"wp:featuredmedia":[{"embeddable":true,"href":"https:\/\/www.ifbaiano.edu.br\/unidades\/valenca\/wp-json\/wp\/v2\/media\/5134"}],"wp:attachment":[{"href":"https:\/\/www.ifbaiano.edu.br\/unidades\/valenca\/wp-json\/wp\/v2\/media?parent=5123"}],"wp:term":[{"taxonomy":"category","embeddable":true,"href":"https:\/\/www.ifbaiano.edu.br\/unidades\/valenca\/wp-json\/wp\/v2\/categories?post=5123"},{"taxonomy":"post_tag","embeddable":true,"href":"https:\/\/www.ifbaiano.edu.br\/unidades\/valenca\/wp-json\/wp\/v2\/tags?post=5123"}],"curies":[{"name":"wp","href":"https:\/\/api.w.org\/{rel}","templated":true}]}}