{"id":5140,"date":"2018-10-02T18:33:32","date_gmt":"2018-10-02T18:33:32","guid":{"rendered":"http:\/\/www.ifbaiano.edu.br\/unidades\/valenca\/?p=5140"},"modified":"2018-10-30T11:18:09","modified_gmt":"2018-10-30T14:18:09","slug":"aviso-de-chamada-publica-02-2018","status":"publish","type":"post","link":"https:\/\/www.ifbaiano.edu.br\/unidades\/valenca\/2018\/10\/02\/aviso-de-chamada-publica-02-2018\/","title":{"rendered":"Aviso de Chamada P\u00fablica n\u00ba 02\/2018"},"content":{"rendered":"<p>O Instituto Federal Baiano \u2013 Campus Valen\u00e7a torna p\u00fablico, para conhecimento dos interessados, que realizar\u00e1 a Chamada P\u00fablica n\u00ba 02\/2018.<\/p>\n<p><strong>Objeto<\/strong>: <em>Aquisi\u00e7\u00e3o de g\u00eaneros aliment\u00edcios da agricultura familiar para atendimento ao Programa de Aquisi\u00e7\u00e3o de Alimentos<\/em> \u2013 PAA, conforme as pe\u00e7as t\u00e9cnicas constantes no Instrumento Convocat\u00f3rio e seus anexos, partes integrantes desta Chamada P\u00fablica.<\/p>\n<p><strong>Sess\u00e3o de abertura<\/strong>: 24\u00a0de outubro de 2018, \u00e0s 09h, hor\u00e1rio local, na sede do Instituto Federal Baiano \u2013 Campus Valen\u00e7a, localizado na Rua Glic\u00e9rio Tavares, s\/n, Bate Quente, CEP: 45.400-000, Valen\u00e7a \u2013 Bahia.<\/p>\n<p>Confira os documentos abaixo:<\/p>\n<p><a href=\"http:\/\/www.ifbaiano.edu.br\/unidades\/valenca\/files\/2018\/10\/ANEXO-VI-MINUTA-DE-CONTRATO-Dispensa-de-Licita\u00e7\u00e3o-n\u00ba-17-2018.pdf\" target=\"_blank\">ANEXO VI &#8211; MINUTA DE CONTRATO &#8211; Dispensa de Licita\u00e7\u00e3o n\u00ba 17-2018<\/a><\/p>\n<p><a href=\"http:\/\/www.ifbaiano.edu.br\/unidades\/valenca\/files\/2018\/10\/ANEXO-V-DECLARA\u00c7\u00c3O-DE-LIMITE-INDIVIDUAL-DE-VENDAS-Dispensa-de-Licita\u00e7\u00e3o-n\u00ba-17-2018.pdf\" target=\"_blank\">ANEXO V &#8211; DECLARA\u00c7\u00c3O DE LIMITE INDIVIDUAL DE VENDAS &#8211; Dispensa de Licita\u00e7\u00e3o n\u00ba 17-2018<\/a><\/p>\n<p><a href=\"http:\/\/www.ifbaiano.edu.br\/unidades\/valenca\/files\/2018\/10\/ANEXO-IV-TERMO-DE-RECEBIMENTO-Dispensa-de-Licita\u00e7\u00e3o-n\u00ba-17-2018.pdf\" target=\"_blank\">ANEXO IV- TERMO DE RECEBIMENTO &#8211; Dispensa de Licita\u00e7\u00e3o n\u00ba 17-2018<\/a><\/p>\n<p><a href=\"http:\/\/www.ifbaiano.edu.br\/unidades\/valenca\/files\/2018\/10\/ANEXO-III-DECLARA\u00c7\u00c3O-DE-ORIGEM-DOS-PRODUTOS-Dispensa-de-Licita\u00e7\u00e3o-n\u00ba-17-2018.pdf\" target=\"_blank\">ANEXO III &#8211; DECLARA\u00c7\u00c3O DE ORIGEM DOS PRODUTOS &#8211; Dispensa de Licita\u00e7\u00e3o n\u00ba 17-2018<\/a><\/p>\n<p><a href=\"http:\/\/www.ifbaiano.edu.br\/unidades\/valenca\/files\/2018\/10\/ANEXO-II-MODELO-DE-PROJETO-DE-VENDAS-Dispensa-de-Licita\u00e7\u00e3o-n\u00ba-17-2018.pdf\" target=\"_blank\">ANEXO II &#8211; MODELO DE PROJETO DE VENDAS &#8211; Dispensa de Licita\u00e7\u00e3o n\u00ba 17-2018<\/a><\/p>\n<p><a href=\"http:\/\/www.ifbaiano.edu.br\/unidades\/valenca\/files\/2018\/10\/ANEXO-I-PROJETO-B\u00c1SICO-Dispensa-de-Licita\u00e7\u00e3o-n\u00ba-17-2018.pdf\" target=\"_blank\">ANEXO I &#8211; PROJETO B\u00c1SICO &#8211; Dispensa de Licita\u00e7\u00e3o n\u00ba 17-2018<\/a><\/p>\n<p><a href=\"http:\/\/www.ifbaiano.edu.br\/unidades\/valenca\/files\/2018\/10\/Edital-Dispensa-de-Licita\u00e7\u00e3o-n\u00ba-17-2018.pdf\" target=\"_blank\">Edital &#8211; Dispensa de Licita\u00e7\u00e3o n\u00ba 17-2018<\/a><\/p>\n","protected":false},"excerpt":{"rendered":"<p>Aquisi\u00e7\u00e3o de g\u00eaneros aliment\u00edcios da agricultura familiar.<\/p>\n","protected":false},"author":74,"featured_media":0,"comment_status":"open","ping_status":"open","sticky":false,"template":"","format":"standard","meta":[],"categories":[33,63],"tags":[],"_links":{"self":[{"href":"https:\/\/www.ifbaiano.edu.br\/unidades\/valenca\/wp-json\/wp\/v2\/posts\/5140"}],"collection":[{"href":"https:\/\/www.ifbaiano.edu.br\/unidades\/valenca\/wp-json\/wp\/v2\/posts"}],"about":[{"href":"https:\/\/www.ifbaiano.edu.br\/unidades\/valenca\/wp-json\/wp\/v2\/types\/post"}],"author":[{"embeddable":true,"href":"https:\/\/www.ifbaiano.edu.br\/unidades\/valenca\/wp-json\/wp\/v2\/users\/74"}],"replies":[{"embeddable":true,"href":"https:\/\/www.ifbaiano.edu.br\/unidades\/valenca\/wp-json\/wp\/v2\/comments?post=5140"}],"version-history":[{"count":4,"href":"https:\/\/www.ifbaiano.edu.br\/unidades\/valenca\/wp-json\/wp\/v2\/posts\/5140\/revisions"}],"predecessor-version":[{"id":5160,"href":"https:\/\/www.ifbaiano.edu.br\/unidades\/valenca\/wp-json\/wp\/v2\/posts\/5140\/revisions\/5160"}],"wp:attachment":[{"href":"https:\/\/www.ifbaiano.edu.br\/unidades\/valenca\/wp-json\/wp\/v2\/media?parent=5140"}],"wp:term":[{"taxonomy":"category","embeddable":true,"href":"https:\/\/www.ifbaiano.edu.br\/unidades\/valenca\/wp-json\/wp\/v2\/categories?post=5140"},{"taxonomy":"post_tag","embeddable":true,"href":"https:\/\/www.ifbaiano.edu.br\/unidades\/valenca\/wp-json\/wp\/v2\/tags?post=5140"}],"curies":[{"name":"wp","href":"https:\/\/api.w.org\/{rel}","templated":true}]}}